{"id":186920,"date":"2026-01-13T09:00:00","date_gmt":"2026-01-13T14:00:00","guid":{"rendered":"https:\/\/dev.new.datacolor.eu\/business-solutions\/blog\/precisao-das-cores-e-uma-vantagem-competitiva-nos-interiores-automotivos\/"},"modified":"2026-04-28T08:19:08","modified_gmt":"2026-04-28T12:19:08","slug":"precisao-das-cores-e-uma-vantagem-competitiva-nos-interiores-automotivos","status":"publish","type":"post","link":"https:\/\/www.datacolor.com\/pt-br\/business-solutions\/blog\/precisao-das-cores-e-uma-vantagem-competitiva-nos-interiores-automotivos\/","title":{"rendered":"Por que a precis\u00e3o das cores \u00e9 uma vantagem competitiva nos interiores automotivos"},"content":{"rendered":"<section id=\"gutenblock-block_19a9e4e0e928617004d10788947e837d\" class=\"gutenblock gutenblock--oms-product-feed bg-color-white u-dots-bg\">\n        <div class=\"gutenblock-inner\">\n            <div class=\"container-fluid\">\n\n                \n                                    <div class=\"l-products__row row justify-content-center\">\n                        <div class='l-products__col col-12 col-sm-6 col-md-4'>\n<a href=\"https:\/\/www.datacolor.com\/pt-br\/business-solutions\/product\/spectrop200\/\" class=\"product-teaser post-181706 product type-product status-publish has-post-thumbnail hentry product_category-espectrofotometros-portateis\">\n            <div class=\"product-teaser__image-wrap\">\n            <img decoding=\"async\" width=\"350\" height=\"350\" src=\"https:\/\/www.datacolor.com\/wp-content\/uploads\/2025\/02\/P300-Webpage-Transparent-350x350.png\" class=\"product-teaser__image wp-post-image\" alt=\"Datacolor P300 portable spectrophotometer\" srcset=\"https:\/\/www.datacolor.com\/wp-content\/uploads\/2025\/02\/P300-Webpage-Transparent-350x350.png 350w, https:\/\/www.datacolor.com\/wp-content\/uploads\/2025\/02\/P300-Webpage-Transparent-300x300.png 300w, https:\/\/www.datacolor.com\/wp-content\/uploads\/2025\/02\/P300-Webpage-Transparent-150x150.png 150w, https:\/\/www.datacolor.com\/wp-content\/uploads\/2025\/02\/P300-Webpage-Transparent-768x768.png 768w, https:\/\/www.datacolor.com\/wp-content\/uploads\/2025\/02\/P300-Webpage-Transparent-600x600.png 600w, https:\/\/www.datacolor.com\/wp-content\/uploads\/2025\/02\/P300-Webpage-Transparent-735x735.png 735w, https:\/\/www.datacolor.com\/wp-content\/uploads\/2025\/02\/P300-Webpage-Transparent-700x700.png 700w, https:\/\/www.datacolor.com\/wp-content\/uploads\/2025\/02\/P300-Webpage-Transparent-200x200.png 200w, https:\/\/www.datacolor.com\/wp-content\/uploads\/2025\/02\/P300-Webpage-Transparent-100x100.png 100w, https:\/\/www.datacolor.com\/wp-content\/uploads\/2025\/02\/P300-Webpage-Transparent-40x40.png 40w, https:\/\/www.datacolor.com\/wp-content\/uploads\/2025\/02\/P300-Webpage-Transparent-175x175.png 175w, https:\/\/www.datacolor.com\/wp-content\/uploads\/2025\/02\/P300-Webpage-Transparent.png 800w\" sizes=\"(max-width: 350px) 100vw, 350px\" \/>        <\/div>\n    \n    <p class=\"product-teaser__title\">Spectro P200<\/p>\n\n                <p class=\"product-teaser__excerpt\">O Spectro P200 foi projetado para simplificar o controle de qualidade de cores para aplica\u00e7\u00f5es industriais<\/p>\n    <\/a>\n\n<button type=\"button\" onclick=\"window.open('\/wp-admin\/post.php?post=181706&#038;action=edit')\" class=\"edit-link\" aria-hidden=\"true\">Edit Post<\/button><\/div><div class='l-products__col col-12 col-sm-6 col-md-4'>\n<a href=\"https:\/\/www.datacolor.com\/pt-br\/business-solutions\/product\/spectrop300\/\" class=\"product-teaser post-181700 product type-product status-publish has-post-thumbnail hentry product_category-espectrofotometros-portateis\">\n            <div class=\"product-teaser__image-wrap\">\n            <img decoding=\"async\" width=\"350\" height=\"350\" src=\"https:\/\/www.datacolor.com\/wp-content\/uploads\/2025\/02\/P300-Webpage-Transparent-350x350.png\" class=\"product-teaser__image wp-post-image\" alt=\"Datacolor P300 portable spectrophotometer\" srcset=\"https:\/\/www.datacolor.com\/wp-content\/uploads\/2025\/02\/P300-Webpage-Transparent-350x350.png 350w, https:\/\/www.datacolor.com\/wp-content\/uploads\/2025\/02\/P300-Webpage-Transparent-300x300.png 300w, https:\/\/www.datacolor.com\/wp-content\/uploads\/2025\/02\/P300-Webpage-Transparent-150x150.png 150w, https:\/\/www.datacolor.com\/wp-content\/uploads\/2025\/02\/P300-Webpage-Transparent-768x768.png 768w, https:\/\/www.datacolor.com\/wp-content\/uploads\/2025\/02\/P300-Webpage-Transparent-600x600.png 600w, https:\/\/www.datacolor.com\/wp-content\/uploads\/2025\/02\/P300-Webpage-Transparent-735x735.png 735w, https:\/\/www.datacolor.com\/wp-content\/uploads\/2025\/02\/P300-Webpage-Transparent-700x700.png 700w, https:\/\/www.datacolor.com\/wp-content\/uploads\/2025\/02\/P300-Webpage-Transparent-200x200.png 200w, https:\/\/www.datacolor.com\/wp-content\/uploads\/2025\/02\/P300-Webpage-Transparent-100x100.png 100w, https:\/\/www.datacolor.com\/wp-content\/uploads\/2025\/02\/P300-Webpage-Transparent-40x40.png 40w, https:\/\/www.datacolor.com\/wp-content\/uploads\/2025\/02\/P300-Webpage-Transparent-175x175.png 175w, https:\/\/www.datacolor.com\/wp-content\/uploads\/2025\/02\/P300-Webpage-Transparent.png 800w\" sizes=\"(max-width: 350px) 100vw, 350px\" \/>        <\/div>\n    \n    <p class=\"product-teaser__title\">Spectro P300<\/p>\n\n                <p class=\"product-teaser__excerpt\">O Spectro P300 foi projetado para precis\u00e3o de cores avan\u00e7ada e port\u00e1til para avalia\u00e7\u00f5es cr\u00edticas de qualidade<\/p>\n    <\/a>\n\n<button type=\"button\" onclick=\"window.open('\/wp-admin\/post.php?post=181700&#038;action=edit')\" class=\"edit-link\" aria-hidden=\"true\">Edit Post<\/button><\/div><div class='l-products__col col-12 col-sm-6 col-md-4'>\n<a href=\"https:\/\/www.datacolor.com\/pt-br\/business-solutions\/product\/acessorios\/\" class=\"product-teaser post-170924 product type-product status-publish has-post-thumbnail hentry product_category-espectrofotometros-de-bancada product_category-espectrofotometros-portateis\">\n            <div class=\"product-teaser__image-wrap\">\n            <img decoding=\"async\" width=\"350\" height=\"350\" src=\"https:\/\/www.datacolor.com\/wp-content\/uploads\/2023\/05\/Untitled-design-350x350.jpg\" class=\"product-teaser__image wp-post-image\" alt=\"Accessories\" srcset=\"https:\/\/www.datacolor.com\/wp-content\/uploads\/2023\/05\/Untitled-design-350x350.jpg 350w, https:\/\/www.datacolor.com\/wp-content\/uploads\/2023\/05\/Untitled-design-300x300.jpg 300w, https:\/\/www.datacolor.com\/wp-content\/uploads\/2023\/05\/Untitled-design-150x150.jpg 150w, https:\/\/www.datacolor.com\/wp-content\/uploads\/2023\/05\/Untitled-design-768x768.jpg 768w, https:\/\/www.datacolor.com\/wp-content\/uploads\/2023\/05\/Untitled-design-600x600.jpg 600w, https:\/\/www.datacolor.com\/wp-content\/uploads\/2023\/05\/Untitled-design-735x735.jpg 735w, https:\/\/www.datacolor.com\/wp-content\/uploads\/2023\/05\/Untitled-design-700x700.jpg 700w, https:\/\/www.datacolor.com\/wp-content\/uploads\/2023\/05\/Untitled-design-200x200.jpg 200w, https:\/\/www.datacolor.com\/wp-content\/uploads\/2023\/05\/Untitled-design-100x100.jpg 100w, https:\/\/www.datacolor.com\/wp-content\/uploads\/2023\/05\/Untitled-design-40x40.jpg 40w, https:\/\/www.datacolor.com\/wp-content\/uploads\/2023\/05\/Untitled-design-175x175.jpg 175w, https:\/\/www.datacolor.com\/wp-content\/uploads\/2023\/05\/Untitled-design.jpg 800w\" sizes=\"(max-width: 350px) 100vw, 350px\" \/>        <\/div>\n    \n    <p class=\"product-teaser__title\">Acess\u00f3rios<\/p>\n\n                <p class=\"product-teaser__excerpt\">Acess\u00f3rios para todas as suas necessidades de aplica\u00e7\u00e3o<\/p>\n    <\/a>\n\n<button type=\"button\" onclick=\"window.open('\/wp-admin\/post.php?post=170924&#038;action=edit')\" class=\"edit-link\" aria-hidden=\"true\">Edit Post<\/button><\/div>                    <\/div>\n                \n            <\/div>\n        <\/div>\n    <\/section><section id=\"gutenblock-block_62544b1c76afe\" class=\"gutenblock gutenblock--oms-resource-feed feed--feed bg-color-white u-dots-bg\">\n        <div class=\"gutenblock-inner\">\n            <div class=\"container-fluid\">\n\n                    <div class=\"gutenblock-header \">\n        <div class=\"row header_row justify-content-center\">\n            <div class=\"header_column\">\n                <p class=\"pre-title\">&#8211; Artigos relacionados &#8211;<\/p>\n            <\/div>\n        <\/div>\n    <\/div>\n\n                <div class=\"l-archive-results__row row justify-content-center justify-content-md-start\">\n                    <div class=\"l-archive-results__col col-12 col-sm-10 col-md-6 col-lg-4 col-xl-3\">\n<a href=\"https:\/\/www.datacolor.com\/pt-br\/business-solutions\/blog\/cabines-de-luz\/\" id=\"post-186765\" class=\"teaser teaser--blog teaser--vertical post-186765 post type-post status-publish format-standard has-post-thumbnail hentry category-instrumentos-de-medicao-de-cor\">\n    <div class=\"teaser__main\">\n\n        <img decoding=\"async\" width=\"368\" height=\"476\" src=\"https:\/\/www.datacolor.com\/wp-content\/uploads\/2026\/03\/lightbooth-banner-368x476.jpg\" class=\"attachment-cpt-feed size-cpt-feed\" alt=\"\" \/>\n        <div class=\"teaser__overlay\">\n\n            \n            <h2 class=\"teaser__title\">N\u00e3o deixe que a cor engane voc\u00ea &#8211; o guia mais completo para o uso correto de caixas de luz colorim\u00e9tricas<\/h2>\n\n            <p class=\"post-meta post-meta--teaser\"><i class=\"fas fa-list-ul\"><\/i> Instrumentos de medi\u00e7\u00e3o de cor<\/p>\n        <\/div>\n\n        \n    <\/div>\n\n    <\/a>\n\n<button type=\"button\" onclick=\"window.open('\/wp-admin\/post.php?post=186765&#038;action=edit')\" class=\"edit-link\" aria-hidden=\"true\">Edit Post<\/button><\/div><div class=\"l-archive-results__col col-12 col-sm-10 col-md-6 col-lg-4 col-xl-3\">\n<a href=\"https:\/\/www.datacolor.com\/pt-br\/business-solutions\/blog\/espectrometro-vs-espectrofotometro\/\" id=\"post-170460\" class=\"teaser teaser--blog teaser--vertical post-170460 post type-post status-publish format-standard has-post-thumbnail hentry category-escolhendo-a-solucao-certa category-instrumentos-de-medicao-de-cor\">\n    <div class=\"teaser__main\">\n\n        <img decoding=\"async\" width=\"368\" height=\"476\" src=\"https:\/\/www.datacolor.com\/wp-content\/uploads\/2023\/04\/spectrophotometer-check3-368x476.jpg\" class=\"attachment-cpt-feed size-cpt-feed\" alt=\"datacolor check3 spectrophotometer\" \/>\n        <div class=\"teaser__overlay\">\n\n            \n            <h2 class=\"teaser__title\">Espectr\u00f4metro vs Espectrofot\u00f4metro<\/h2>\n\n            <p class=\"post-meta post-meta--teaser\"><i class=\"fas fa-list-ul\"><\/i> Escolhendo a solu\u00e7\u00e3o certa<\/p>\n        <\/div>\n\n        \n    <\/div>\n\n    <\/a>\n\n<button type=\"button\" onclick=\"window.open('\/wp-admin\/post.php?post=170460&#038;action=edit')\" class=\"edit-link\" aria-hidden=\"true\">Edit Post<\/button><\/div><div class=\"l-archive-results__col col-12 col-sm-10 col-md-6 col-lg-4 col-xl-3\">\n<a href=\"https:\/\/www.datacolor.com\/pt-br\/business-solutions\/blog\/o-que-e-o-diferentes-tipos-de-cor-medidas-emstrumentos\/\" id=\"post-160843\" class=\"teaser teaser--blog teaser--vertical post-160843 post type-post status-publish format-standard has-post-thumbnail hentry category-instrumentos-de-medicao-de-cor\">\n    <div class=\"teaser__main\">\n\n        <img decoding=\"async\" width=\"368\" height=\"476\" src=\"https:\/\/www.datacolor.com\/wp-content\/uploads\/2021\/10\/spectrophotometer-368x476.jpg\" class=\"attachment-cpt-feed size-cpt-feed\" alt=\"Blog: What are the Different Types of Color Measurement Instruments?\" \/>\n        <div class=\"teaser__overlay\">\n\n            \n            <h2 class=\"teaser__title\">Quais s\u00e3o os diferentes tipos de instrumentos de medi\u00e7\u00e3o de cor?<\/h2>\n\n            <p class=\"post-meta post-meta--teaser\"><i class=\"fas fa-list-ul\"><\/i> Instrumentos de medi\u00e7\u00e3o de cor<\/p>\n        <\/div>\n\n        \n    <\/div>\n\n    <\/a>\n\n<button type=\"button\" onclick=\"window.open('\/wp-admin\/post.php?post=160843&#038;action=edit')\" class=\"edit-link\" aria-hidden=\"true\">Edit Post<\/button><\/div><div class=\"l-archive-results__col col-12 col-sm-10 col-md-6 col-lg-4 col-xl-3\">\n<a href=\"https:\/\/www.datacolor.com\/pt-br\/business-solutions\/blog\/a-case-estudo-examinando-os-beneficios-da-gestao-de-cor-digital-para-fios-fios\/\" id=\"post-160828\" class=\"teaser teaser--blog teaser--vertical post-160828 post type-post status-publish format-standard has-post-thumbnail hentry category-formulacao-de-cor-e-controlo-de-qualidade category-instrumentos-de-medicao-de-cor\">\n    <div class=\"teaser__main\">\n\n        <img decoding=\"async\" width=\"368\" height=\"476\" src=\"https:\/\/www.datacolor.com\/wp-content\/uploads\/2022\/03\/shutterstock_695923204-368x476.jpg\" class=\"attachment-cpt-feed size-cpt-feed\" alt=\"Blog: A Case Study Examining The Benefits of Digital Color Management for Yarn &amp; Threads.\" \/>\n        <div class=\"teaser__overlay\">\n\n            \n            <h2 class=\"teaser__title\">Um Estudo de Caso Examinando os Benef\u00edcios da Gest\u00e3o Digital de Cor para Fios e Fios<\/h2>\n\n            <p class=\"post-meta post-meta--teaser\"><i class=\"fas fa-list-ul\"><\/i> Formula\u00e7\u00e3o de cor e controlo de qualidade<\/p>\n        <\/div>\n\n        \n    <\/div>\n\n    <\/a>\n\n<button type=\"button\" onclick=\"window.open('\/wp-admin\/post.php?post=160828&#038;action=edit')\" class=\"edit-link\" aria-hidden=\"true\">Edit Post<\/button><\/div>                <\/div>\n            <\/div>\n        <\/div>\n    <\/section><section id=\"gutenblock-block_31c8f588d9b4c2e5be931e0ab05f6748\" class=\"gutenblock gutenblock--oms-cta \">\n\n        <img decoding=\"async\" width=\"1600\" height=\"500\" src=\"https:\/\/www.datacolor.com\/wp-content\/uploads\/2022\/01\/hero-footer-team3-1600x500-1-1600x500.jpg\" class=\"bg_image\" alt=\"People working together in a conference room.\" srcset=\"https:\/\/www.datacolor.com\/wp-content\/uploads\/2022\/01\/hero-footer-team3-1600x500-1.jpg 1600w, https:\/\/www.datacolor.com\/wp-content\/uploads\/2022\/01\/hero-footer-team3-1600x500-1-300x94.jpg 300w, https:\/\/www.datacolor.com\/wp-content\/uploads\/2022\/01\/hero-footer-team3-1600x500-1-1024x320.jpg 1024w, https:\/\/www.datacolor.com\/wp-content\/uploads\/2022\/01\/hero-footer-team3-1600x500-1-768x240.jpg 768w, https:\/\/www.datacolor.com\/wp-content\/uploads\/2022\/01\/hero-footer-team3-1600x500-1-1536x480.jpg 1536w, https:\/\/www.datacolor.com\/wp-content\/uploads\/2022\/01\/hero-footer-team3-1600x500-1-600x188.jpg 600w, https:\/\/www.datacolor.com\/wp-content\/uploads\/2022\/01\/hero-footer-team3-1600x500-1-992x310.jpg 992w, https:\/\/www.datacolor.com\/wp-content\/uploads\/2022\/01\/hero-footer-team3-1600x500-1-1200x375.jpg 1200w, https:\/\/www.datacolor.com\/wp-content\/uploads\/2022\/01\/hero-footer-team3-1600x500-1-1000x313.jpg 1000w, https:\/\/www.datacolor.com\/wp-content\/uploads\/2022\/01\/hero-footer-team3-1600x500-1-350x109.jpg 350w, https:\/\/www.datacolor.com\/wp-content\/uploads\/2022\/01\/hero-footer-team3-1600x500-1-735x230.jpg 735w, https:\/\/www.datacolor.com\/wp-content\/uploads\/2022\/01\/hero-footer-team3-1600x500-1-700x219.jpg 700w, https:\/\/www.datacolor.com\/wp-content\/uploads\/2022\/01\/hero-footer-team3-1600x500-1-100x31.jpg 100w\" sizes=\"(max-width: 1600px) 100vw, 1600px\" \/>\n        <div class=\"gutenblock-inner\">\n\n            <div class=\"container-fluid l-cta__container\">\n\n                <div class=\"row l-cta__row l-cta__row--right\">\n\n                    <div class=\"col-12 col-lg-6 l-cta__col\">\n                        <div class=\"cta__content text-white\">\n\n\t\t\t    <h3>D\u00ea vida \u00e0s ideias com a gest\u00e3o da cor<\/h3>\n<p>Quando os dados se encontram com a cor, a inspira\u00e7\u00e3o encontra os resultados.<\/p>\n\n                                                            <div class=\"cta_links_container mt-4\">\n                                    <a href=\"https:\/\/www.datacolor.com\/business-solutions\/request-product-info\/\" target=\"\" class=\"cta_link btn-secondary\">Ligar com um perito em cor<\/a>                                <\/div>\n                            \n                        <\/div>\n                    <\/div>\n                <\/div>\n            <\/div>\n        <\/div>\n    <\/section>","protected":false},"excerpt":{"rendered":"","protected":false},"author":40,"featured_media":186918,"comment_status":"closed","ping_status":"open","sticky":false,"template":"","format":"standard","meta":{"_acf_changed":false,"_relevanssi_hide_post":"","_relevanssi_hide_content":"","_relevanssi_pin_for_all":"","_relevanssi_pin_keywords":"","_relevanssi_unpin_keywords":"","_relevanssi_related_keywords":"","_relevanssi_related_include_ids":"","_relevanssi_related_exclude_ids":"","_relevanssi_related_no_append":"","_relevanssi_related_not_related":"","_relevanssi_related_posts":"","_relevanssi_noindex_reason":"","footnotes":"","_links_to":"","_links_to_target":""},"categories":[1164],"tags":[1541,1539,1175,1540],"class_list":["post-186920","post","type-post","status-publish","format-standard","has-post-thumbnail","hentry","category-formulacao-de-cor-e-controlo-de-qualidade","tag-combinacao-de-cores-automotivas","tag-gerenciamento-de-cores-automotivas","tag-gestao-de-cores","tag-interior-automotivo"],"acf":[],"yoast_head":"<!-- This site is optimized with the Yoast SEO plugin v26.6 - https:\/\/yoast.com\/wordpress\/plugins\/seo\/ -->\n<title>Por que a precis\u00e3o das cores \u00e9 uma vantagem competitiva nos interiores automotivos | Datacolor<\/title>\n<meta name=\"robots\" content=\"index, follow, max-snippet:-1, max-image-preview:large, max-video-preview:-1\" \/>\n<link rel=\"canonical\" href=\"https:\/\/www.datacolor.com\/pt-br\/business-solutions\/blog\/precisao-das-cores-e-uma-vantagem-competitiva-nos-interiores-automotivos\/\" \/>\n<meta property=\"og:locale\" content=\"pt_BR\" \/>\n<meta property=\"og:type\" content=\"article\" \/>\n<meta property=\"og:title\" content=\"Por que a precis\u00e3o das cores \u00e9 uma vantagem competitiva nos interiores automotivos | Datacolor\" \/>\n<meta property=\"og:url\" content=\"https:\/\/www.datacolor.com\/pt-br\/business-solutions\/blog\/precisao-das-cores-e-uma-vantagem-competitiva-nos-interiores-automotivos\/\" \/>\n<meta property=\"og:site_name\" content=\"Datacolor\" \/>\n<meta property=\"article:publisher\" content=\"https:\/\/facebook.com\/DatacolorCorporate\" \/>\n<meta property=\"article:published_time\" content=\"2026-01-13T14:00:00+00:00\" \/>\n<meta property=\"article:modified_time\" content=\"2026-04-28T12:19:08+00:00\" \/>\n<meta property=\"og:image\" content=\"https:\/\/www.datacolor.com\/wp-content\/uploads\/2025\/11\/luxury-car-details.jpg\" \/>\n\t<meta property=\"og:image:width\" content=\"1000\" \/>\n\t<meta property=\"og:image:height\" content=\"600\" \/>\n\t<meta property=\"og:image:type\" content=\"image\/jpeg\" \/>\n<meta name=\"author\" content=\"Jo\u00e3o Jacetti\" \/>\n<meta name=\"twitter:card\" content=\"summary_large_image\" \/>\n<meta name=\"twitter:label1\" content=\"Escrito por\" \/>\n\t<meta name=\"twitter:data1\" content=\"Jo\u00e3o Jacetti\" \/>\n<!-- \/ Yoast SEO plugin. -->","yoast_head_json":{"title":"Por que a precis\u00e3o das cores \u00e9 uma vantagem competitiva nos interiores automotivos | Datacolor","robots":{"index":"index","follow":"follow","max-snippet":"max-snippet:-1","max-image-preview":"max-image-preview:large","max-video-preview":"max-video-preview:-1"},"canonical":"https:\/\/www.datacolor.com\/pt-br\/business-solutions\/blog\/precisao-das-cores-e-uma-vantagem-competitiva-nos-interiores-automotivos\/","og_locale":"pt_BR","og_type":"article","og_title":"Por que a precis\u00e3o das cores \u00e9 uma vantagem competitiva nos interiores automotivos | Datacolor","og_url":"https:\/\/www.datacolor.com\/pt-br\/business-solutions\/blog\/precisao-das-cores-e-uma-vantagem-competitiva-nos-interiores-automotivos\/","og_site_name":"Datacolor","article_publisher":"https:\/\/facebook.com\/DatacolorCorporate","article_published_time":"2026-01-13T14:00:00+00:00","article_modified_time":"2026-04-28T12:19:08+00:00","og_image":[{"width":1000,"height":600,"url":"https:\/\/www.datacolor.com\/wp-content\/uploads\/2025\/11\/luxury-car-details.jpg","type":"image\/jpeg"}],"author":"Jo\u00e3o Jacetti","twitter_card":"summary_large_image","twitter_misc":{"Escrito por":"Jo\u00e3o Jacetti"},"schema":{"@context":"https:\/\/schema.org","@graph":[{"@type":["Article","BlogPosting"],"@id":"https:\/\/www.datacolor.com\/pt-br\/business-solutions\/blog\/precisao-das-cores-e-uma-vantagem-competitiva-nos-interiores-automotivos\/#article","isPartOf":{"@id":"https:\/\/www.datacolor.com\/pt-br\/business-solutions\/blog\/precisao-das-cores-e-uma-vantagem-competitiva-nos-interiores-automotivos\/"},"author":{"name":"Jo\u00e3o Jacetti","@id":"https:\/\/www.datacolor.com\/pt-br\/#\/schema\/person\/5cfc6243f269cff16ec32800487390da"},"headline":"Por que a precis\u00e3o das cores \u00e9 uma vantagem competitiva nos interiores automotivos","datePublished":"2026-01-13T14:00:00+00:00","dateModified":"2026-04-28T12:19:08+00:00","mainEntityOfPage":{"@id":"https:\/\/www.datacolor.com\/pt-br\/business-solutions\/blog\/precisao-das-cores-e-uma-vantagem-competitiva-nos-interiores-automotivos\/"},"wordCount":13,"publisher":{"@id":"https:\/\/www.datacolor.com\/pt-br\/#organization"},"image":{"@id":"https:\/\/www.datacolor.com\/pt-br\/business-solutions\/blog\/precisao-das-cores-e-uma-vantagem-competitiva-nos-interiores-automotivos\/#primaryimage"},"thumbnailUrl":"https:\/\/www.datacolor.com\/wp-content\/uploads\/2025\/11\/luxury-car-details.jpg","keywords":["combina\u00e7\u00e3o de cores automotivas","gerenciamento de cores automotivas","gest\u00e3o de cores","interior automotivo"],"articleSection":["Formula\u00e7\u00e3o de cor e controlo de qualidade"],"inLanguage":"pt-BR"},{"@type":"WebPage","@id":"https:\/\/www.datacolor.com\/pt-br\/business-solutions\/blog\/precisao-das-cores-e-uma-vantagem-competitiva-nos-interiores-automotivos\/","url":"https:\/\/www.datacolor.com\/pt-br\/business-solutions\/blog\/precisao-das-cores-e-uma-vantagem-competitiva-nos-interiores-automotivos\/","name":"Por que a precis\u00e3o das cores \u00e9 uma vantagem competitiva nos interiores automotivos | Datacolor","isPartOf":{"@id":"https:\/\/www.datacolor.com\/pt-br\/#website"},"primaryImageOfPage":{"@id":"https:\/\/www.datacolor.com\/pt-br\/business-solutions\/blog\/precisao-das-cores-e-uma-vantagem-competitiva-nos-interiores-automotivos\/#primaryimage"},"image":{"@id":"https:\/\/www.datacolor.com\/pt-br\/business-solutions\/blog\/precisao-das-cores-e-uma-vantagem-competitiva-nos-interiores-automotivos\/#primaryimage"},"thumbnailUrl":"https:\/\/www.datacolor.com\/wp-content\/uploads\/2025\/11\/luxury-car-details.jpg","datePublished":"2026-01-13T14:00:00+00:00","dateModified":"2026-04-28T12:19:08+00:00","inLanguage":"pt-BR","potentialAction":[{"@type":"ReadAction","target":["https:\/\/www.datacolor.com\/pt-br\/business-solutions\/blog\/precisao-das-cores-e-uma-vantagem-competitiva-nos-interiores-automotivos\/"]}]},{"@type":"ImageObject","inLanguage":"pt-BR","@id":"https:\/\/www.datacolor.com\/pt-br\/business-solutions\/blog\/precisao-das-cores-e-uma-vantagem-competitiva-nos-interiores-automotivos\/#primaryimage","url":"https:\/\/www.datacolor.com\/wp-content\/uploads\/2025\/11\/luxury-car-details.jpg","contentUrl":"https:\/\/www.datacolor.com\/wp-content\/uploads\/2025\/11\/luxury-car-details.jpg","width":1000,"height":600,"caption":"combina\u00e7\u00e3o de cores automotivas"},{"@type":"WebSite","@id":"https:\/\/www.datacolor.com\/pt-br\/#website","url":"https:\/\/www.datacolor.com\/pt-br\/","name":"Datacolor","description":"Color Management Solutions","publisher":{"@id":"https:\/\/www.datacolor.com\/pt-br\/#organization"},"potentialAction":[{"@type":"SearchAction","target":{"@type":"EntryPoint","urlTemplate":"https:\/\/www.datacolor.com\/pt-br\/?s={search_term_string}"},"query-input":{"@type":"PropertyValueSpecification","valueRequired":true,"valueName":"search_term_string"}}],"inLanguage":"pt-BR"},{"@type":"Organization","@id":"https:\/\/www.datacolor.com\/pt-br\/#organization","name":"Datacolor","url":"https:\/\/www.datacolor.com\/pt-br\/","logo":{"@type":"ImageObject","inLanguage":"pt-BR","@id":"https:\/\/www.datacolor.com\/pt-br\/#\/schema\/logo\/image\/","url":"https:\/\/www.datacolor.com\/wp-content\/uploads\/2021\/12\/logo-header.jpg","contentUrl":"https:\/\/www.datacolor.com\/wp-content\/uploads\/2021\/12\/logo-header.jpg","width":259,"height":45,"caption":"Datacolor"},"image":{"@id":"https:\/\/www.datacolor.com\/pt-br\/#\/schema\/logo\/image\/"},"sameAs":["https:\/\/facebook.com\/DatacolorCorporate","https:\/\/linkedin.com\/company\/datacolor","https:\/\/www.youtube.com\/user\/DatacolorIndustrial"]},{"@type":"Person","@id":"https:\/\/www.datacolor.com\/pt-br\/#\/schema\/person\/5cfc6243f269cff16ec32800487390da","name":"Jo\u00e3o Jacetti","image":{"@type":"ImageObject","inLanguage":"pt-BR","@id":"https:\/\/www.datacolor.com\/pt-br\/#\/schema\/person\/image\/","url":"https:\/\/secure.gravatar.com\/avatar\/b6334d01ebf1d5e254cdc971211f33ac086b8b9f682cb9241e43ce6ba408828a?s=96&d=mm&r=g","contentUrl":"https:\/\/secure.gravatar.com\/avatar\/b6334d01ebf1d5e254cdc971211f33ac086b8b9f682cb9241e43ce6ba408828a?s=96&d=mm&r=g","caption":"Jo\u00e3o Jacetti"}}]}},"_links":{"self":[{"href":"https:\/\/www.datacolor.com\/pt-br\/wp-json\/wp\/v2\/posts\/186920","targetHints":{"allow":["GET"]}}],"collection":[{"href":"https:\/\/www.datacolor.com\/pt-br\/wp-json\/wp\/v2\/posts"}],"about":[{"href":"https:\/\/www.datacolor.com\/pt-br\/wp-json\/wp\/v2\/types\/post"}],"author":[{"embeddable":true,"href":"https:\/\/www.datacolor.com\/pt-br\/wp-json\/wp\/v2\/users\/40"}],"replies":[{"embeddable":true,"href":"https:\/\/www.datacolor.com\/pt-br\/wp-json\/wp\/v2\/comments?post=186920"}],"version-history":[{"count":1,"href":"https:\/\/www.datacolor.com\/pt-br\/wp-json\/wp\/v2\/posts\/186920\/revisions"}],"predecessor-version":[{"id":186921,"href":"https:\/\/www.datacolor.com\/pt-br\/wp-json\/wp\/v2\/posts\/186920\/revisions\/186921"}],"wp:featuredmedia":[{"embeddable":true,"href":"https:\/\/www.datacolor.com\/pt-br\/wp-json\/wp\/v2\/media\/186918"}],"wp:attachment":[{"href":"https:\/\/www.datacolor.com\/pt-br\/wp-json\/wp\/v2\/media?parent=186920"}],"wp:term":[{"taxonomy":"category","embeddable":true,"href":"https:\/\/www.datacolor.com\/pt-br\/wp-json\/wp\/v2\/categories?post=186920"},{"taxonomy":"post_tag","embeddable":true,"href":"https:\/\/www.datacolor.com\/pt-br\/wp-json\/wp\/v2\/tags?post=186920"}],"curies":[{"name":"wp","href":"https:\/\/api.w.org\/{rel}","templated":true}]}}