{"id":23744,"date":"2023-04-18T11:24:44","date_gmt":"2023-04-18T11:24:44","guid":{"rendered":"https:\/\/new.spyder.datacolor.eu\/spyder\/blog\/questions-for-andre-boto\/"},"modified":"2023-04-25T13:40:12","modified_gmt":"2023-04-25T13:40:12","slug":"questions-for-andre-boto","status":"publish","type":"post","link":"https:\/\/www.datacolor.com\/spyder\/de\/blog\/questions-for-andre-boto\/","title":{"rendered":"Fragen an Andr\u00e9 Boto"},"content":{"rendered":"<div class=\"wpb-content-wrapper\"><p>[vc_row][vc_column][vc_column_text]<strong>Wann und wie sind Sie zur Fotografie gekommen?<\/strong><\/p>\n<p>Ich habe mit 18 Jahren angefangen zu fotografieren. Meine erste Kamera (eine 2-Megapixel-Kamera) war ein Geburtstagsgeschenk. Am Anfang half mir die Fotografie beim Zeichnen. Ich fing an, drau\u00dfen zu fotografieren, um beim Zeichnen auf den Monitor schauen zu k\u00f6nnen, ohne den ganzen Tag drau\u00dfen mit einem Blatt Papier und einem Stift in der Hand verbringen zu m\u00fcssen. Es war bequem, die Kamera auf diese Weise zu benutzen.<\/p>\n<p>Dann begann ich, mich mehr und mehr f\u00fcr die Fotografie zu interessieren, und jetzt bin ich Vollzeitfotograf.[\/vc_column_text][vc_empty_space][vc_single_image image=&#8220;15079&#8243; img_size=&#8220;large&#8220; alignment=&#8220;center&#8220;][vc_empty_space][vc_column_text]<strong>Betreiben Sie die Fotografie als Hobby oder verdienen Sie Ihren Lebensunterhalt damit?<\/strong><\/p>\n<p>Ich bin Profifotograf mit Sitz in Portugal, der in den Bereichen Architektur, Inneneinrichtung, Industrie, Produkte und Werbung arbeitet. Gleichzeitig erstelle ich meine eigenen kreativen Projekte, bei denen ich ein Konzept studiere und normalerweise zumindest ein paar, manchmal auch sehr starke Bearbeitungen in Photoshop vornehme.[\/vc_column_text][vc_empty_space][vc_single_image image=&#8220;15087&#8243; img_size=&#8220;large&#8220; alignment=&#8220;center&#8220;][vc_empty_space][vc_column_text]<strong>Wie und wo ist dieses von Ihnen zum Fotowettbewerb eingereichte Bild entstanden? Gibt es eine Geschichte dazu?<\/strong><\/p>\n<p>Meine drei Bilder wurden im Studio aufgenommen. Zwei davon sind stark manipuliert (Titel: \u201eErdbeere\u201c und \u201eAkrobatische Tomaten\u201c). F\u00fcr das andere (\u201eRote Scheiben\u201c) habe ich alle Objekte in der Mitte durchgeschnitten und mit rotem Spray eingef\u00e4rbt. In diesem Bild gibt es also keine Fotomanipulation.[\/vc_column_text][vc_empty_space][vc_single_image image=&#8220;15039&#8243; img_size=&#8220;large&#8220; alignment=&#8220;center&#8220;][vc_empty_space][vc_column_text]<strong>Wer und\/oder was inspiriert Sie am meisten?<\/strong><\/p>\n<p>Ich mag es gern, etwas Ungew\u00f6hnliches zu machen. Das ist f\u00fcr mich das, was heutzutage Sinn macht, damit unsere Bilder auf den Betrachter wirken.<\/p>\n<p><strong>Wo liegen Ihre fotografischen Schwerpunkte?<\/strong><\/p>\n<p>Im Moment bin ich sehr an Bildern mit starken Botschaften interessiert. Bei meinen pers\u00f6nlichen Projekten fotografiere ich eher globale\/soziale Themen. Umweltverschmutzung ist ein Problem, das alle Menschen auf der gesamten Welt betrifft. Das ist ein Thema, das ich gerade erforsche, und ich versuche, meinen Teil dazu beizutragen, die Menschen f\u00fcr dieses Problem zu sensibilisieren.<\/p>\n<p>[\/vc_column_text][vc_empty_space][vc_single_image image=&#8220;15055&#8243; img_size=&#8220;large&#8220; alignment=&#8220;center&#8220;][vc_empty_space][vc_column_text]<strong>Was ist Ihr n\u00e4chstes fotografisches Projekt, Ihre n\u00e4chste Herausforderung?<\/strong><\/p>\n<p>Ich konzentriere mich darauf, dieses Thema der globalen Probleme zu erforschen. Ich werde von der Umweltverschmutzung zu einem anderen Thema \u00fcbergehen, wie Krieg, soziale Medien und das Verhalten der Menschen.[\/vc_column_text][vc_empty_space][vc_single_image image=&#8220;15047&#8243; img_size=&#8220;large&#8220; alignment=&#8220;center&#8220;][vc_empty_space][vc_column_text]<strong>Welche Rolle spielt Farbmanagement in Ihrem fotografischen Workflow?<\/strong><\/p>\n<p>Als professioneller Fotograf, der Bilder f\u00fcr seine Kunden erstellt, habe ich ein besonderes Augenmerk auf die Farben, die Bedeutung der Farben und ihre korrekte Wiedergabe.[\/vc_column_text][vc_empty_space][vc_single_image image=&#8220;15063&#8243; img_size=&#8220;large&#8220; alignment=&#8220;center&#8220;][vc_empty_space][vc_column_text]<strong>Was machen Sie mit ihren entstandenen Bildern, werden sie z.B. gedruckt, erstellen Sie ein Fotobuch, posten Sie sie in sozialen Netzwerken und auf Ihrer Website oder bleiben Sie einfach nur auf der Festplatte Ihres Rechners?<\/strong><\/p>\n<p>Was die Kunden angeht, so werden meine Bilder fast \u00fcberall eingesetzt: Drucke f\u00fcr den Au\u00dfenbereich, Brosch\u00fcren, Kataloge, soziale Medien, Websites usw..<\/p>\n<p>Meine pers\u00f6nlichen Projekte verwende ich eher f\u00fcr Fotowettbewerbe und einige von ihnen auch f\u00fcr Ausstellungen.[\/vc_column_text][vc_empty_space][vc_single_image image=&#8220;15071&#8243; img_size=&#8220;large&#8220; alignment=&#8220;center&#8220;][vc_empty_space][vc_column_text]<strong>Was m\u00f6chten Sie fotografisch erreichen, wovon tr\u00e4umen Sie?<\/strong><\/p>\n<p>Ich habe kein bestimmtes Ziel in der Fotografie, aber ich w\u00fcrde gerne einige besondere Fotowettbewerbe gewinnen.<\/p>\n<p>Am Ende m\u00f6chte ich einfach nur meine eigene kleine Spur in der Fotografie in dieser Welt hinterlassen, aber daf\u00fcr bin ich jetzt noch zu jung \ud83d\ude42<\/p>\n<p>[\/vc_column_text][vc_empty_space][vc_single_image image=&#8220;15095&#8243; img_size=&#8220;large&#8220; alignment=&#8220;center&#8220;][vc_empty_space][vc_separator][vc_empty_space][vc_row_inner][vc_column_inner width=&#8220;1\/4&#8243;][vc_single_image image=&#8220;15103&#8243; img_size=&#8220;large&#8220; alignment=&#8220;center&#8220;][vc_empty_space][\/vc_column_inner][vc_column_inner width=&#8220;3\/4&#8243;][vc_column_text]Andr\u00e9 Boto ist ein professioneller Fotograf, der in der kommerziellen Fotografie t\u00e4tig ist. Seine Schwerpunkte liegen im Bereich der Industrie-, Architektur-, Innen-, Produkt- und Portr\u00e4tfotografie. Er kommt aus Lissabon, Portugal.<\/p>\n<p>[\/vc_column_text][vc_empty_space][vc_column_text]<\/p>\n<table>\n<tbody>\n<tr>\n<td style=\"padding-right: 15px;\"><strong>Email:<\/strong><\/td>\n<td><a href=\"mailto:andreboto@hotmail.com\" target=\"_blank\" rel=\"noopener\"> andreboto@hotmail.com<\/a><\/td>\n<\/tr>\n<tr>\n<td style=\"padding-right: 15px;\"><strong>Website:<\/strong><\/td>\n<td><a href=\"https:\/\/www.andreboto.com\">www.andreboto.com <\/a><\/td>\n<\/tr>\n<tr>\n<td style=\"padding-right: 15px;\"><strong>Instagram:<\/strong><\/td>\n<td><a href=\"https:\/\/www.instagram.com\/andrebotophoto\"> www.instagram.com\/andrebotophoto <\/a><\/td>\n<\/tr>\n<tr>\n<td style=\"padding-right: 15px;\"><strong>Facebook:<\/strong><\/td>\n<td><a href=\"https:\/\/www.facebook.com\/andrebotophoto\"> www.facebook.com\/andrebotophoto <\/a><\/td>\n<\/tr>\n<tr>\n<td style=\"padding-right: 15px;\"><strong>Youtube:<\/strong><\/td>\n<td><a href=\"https:\/\/www.youtube.com\/andrebotophoto\"> www.youtube.com\/andrebotophoto <\/a><\/td>\n<\/tr>\n<\/tbody>\n<\/table>\n<p>[\/vc_column_text][\/vc_column_inner][\/vc_row_inner][\/vc_column][\/vc_row]<\/p>\n<\/div>","protected":false},"excerpt":{"rendered":"<p>[vc_row][vc_column][vc_column_text]Wann und wie sind Sie zur Fotografie gekommen? Ich habe mit 18 Jahren angefangen zu fotografieren. Meine erste Kamera (eine 2-Megapixel-Kamera) war ein Geburtstagsgeschenk. Am Anfang half mir die Fotografie beim Zeichnen. Ich fing an, drau\u00dfen zu fotografieren, um beim Zeichnen auf den Monitor schauen zu k\u00f6nnen, ohne den ganzen Tag drau\u00dfen mit einem Blatt &hellip;<\/p>\n","protected":false},"author":3,"featured_media":15082,"comment_status":"closed","ping_status":"closed","sticky":false,"template":"","format":"standard","meta":{"_acf_changed":false,"footnotes":""},"categories":[244],"tags":[],"class_list":["post-23744","post","type-post","status-publish","format-standard","has-post-thumbnail","hentry","category-friends-with-vision-de"],"acf":[],"_links":{"self":[{"href":"https:\/\/www.datacolor.com\/spyder\/de\/wp-json\/wp\/v2\/posts\/23744","targetHints":{"allow":["GET"]}}],"collection":[{"href":"https:\/\/www.datacolor.com\/spyder\/de\/wp-json\/wp\/v2\/posts"}],"about":[{"href":"https:\/\/www.datacolor.com\/spyder\/de\/wp-json\/wp\/v2\/types\/post"}],"author":[{"embeddable":true,"href":"https:\/\/www.datacolor.com\/spyder\/de\/wp-json\/wp\/v2\/users\/3"}],"replies":[{"embeddable":true,"href":"https:\/\/www.datacolor.com\/spyder\/de\/wp-json\/wp\/v2\/comments?post=23744"}],"version-history":[{"count":0,"href":"https:\/\/www.datacolor.com\/spyder\/de\/wp-json\/wp\/v2\/posts\/23744\/revisions"}],"wp:featuredmedia":[{"embeddable":true,"href":"https:\/\/www.datacolor.com\/spyder\/de\/wp-json\/wp\/v2\/media\/15082"}],"wp:attachment":[{"href":"https:\/\/www.datacolor.com\/spyder\/de\/wp-json\/wp\/v2\/media?parent=23744"}],"wp:term":[{"taxonomy":"category","embeddable":true,"href":"https:\/\/www.datacolor.com\/spyder\/de\/wp-json\/wp\/v2\/categories?post=23744"},{"taxonomy":"post_tag","embeddable":true,"href":"https:\/\/www.datacolor.com\/spyder\/de\/wp-json\/wp\/v2\/tags?post=23744"}],"curies":[{"name":"wp","href":"https:\/\/api.w.org\/{rel}","templated":true}]}}