{"id":23753,"date":"2023-04-17T13:24:15","date_gmt":"2023-04-17T13:24:15","guid":{"rendered":"https:\/\/new.spyder.datacolor.eu\/spyder\/blog\/art-documentation-using-spyder-checkr-photo\/"},"modified":"2023-04-25T13:54:31","modified_gmt":"2023-04-25T13:54:31","slug":"art-documentation-using-spyder-checkr-photo","status":"publish","type":"post","link":"https:\/\/www.datacolor.com\/spyder\/de\/blog\/art-documentation-using-spyder-checkr-photo\/","title":{"rendered":"Kunstdokumentation mit Hilfe des Spyder Checkr Photo"},"content":{"rendered":"<div class=\"wpb-content-wrapper\"><p>[vc_row][vc_column][vc_column_text]Die Schwerpunkte von Datacolor Friends with Vision Fotograf <a href=\"https:\/\/marcusschwier.net\/\" target=\"_blank\" rel=\"noopener\">Marcus Schwier<\/a> liegen insbesondere auf zwei fotografischen Genres: Architekturfotografie und Kunstdokumentation. So unterschiedlich beide Disziplinen auch erscheinen m\u00f6gen, war f\u00fcr den studierten Architekten der Schritt zur Kunstdokumentation ein sehr kleiner, denn seine Kollegen aus der Studienzeit an der Kunstakademie D\u00fcsseldorf wenden sich noch immer gerne an ihn f\u00fcr die Dokumentation ihrer Arbeiten aus dem Bereich Malerei, Zeichnung und Bildhauerei. Seine Aufnahmen der Kunstwerke zieren Kunst- und Ausstellungskataloge, B\u00fccher, Plakate und Zeitschriften und mittlerweile wird er von gro\u00dfen Ausstellungsh\u00e4usern angefragt, darunter z.B. Martin Gropius Bau Berlin bei der ZERO Ausstellung. Eine seiner Aufnahmen von dort hat es auf die Titelseite des Katalogs vom LWL Museum M\u00fcnster geschafft.<\/p>\n<p>Wir durften Marcus bei der Ausstellungsdokumentation von <a href=\"https:\/\/www.renatajaworska.com\/\" target=\"_blank\" rel=\"noopener\">Renata Jaworska<\/a>, einer Meistersch\u00fclerin von J\u00f6rg Immendorf, im Museum begleiten und ihm bei der Arbeit \u00fcber die Schulter schauen. Mit Hilfe seiner Bilder entstand nicht nur die Dokumentation dar\u00fcber, wie die Bilder ausgestellt waren, sondern auch ein <a href=\"https:\/\/original-verlag.de\/kuenstlerbuch\/\" target=\"_blank\" rel=\"noopener\">Ausstellungskatalog und K\u00fcnstlerbuch<\/a>, die auch nach dem Ende der Ausstellung ein beliebtes Medium sind.[\/vc_column_text][vc_empty_space][vc_row_inner][vc_column_inner width=&#8220;1\/2&#8243;][vc_single_image image=&#8220;14915&#8243; img_size=&#8220;large&#8220; alignment=&#8220;center&#8220;][vc_empty_space][\/vc_column_inner][vc_column_inner width=&#8220;1\/2&#8243;][vc_single_image image=&#8220;14939&#8243; img_size=&#8220;large&#8220; alignment=&#8220;center&#8220;][vc_empty_space][\/vc_column_inner][\/vc_row_inner][vc_row_inner][vc_column_inner width=&#8220;1\/3&#8243;][vc_single_image image=&#8220;14923&#8243; img_size=&#8220;large&#8220; alignment=&#8220;center&#8220; onclick=&#8220;link_image&#8220;][vc_empty_space][\/vc_column_inner][vc_column_inner width=&#8220;1\/3&#8243;][vc_single_image image=&#8220;14963&#8243; img_size=&#8220;large&#8220; alignment=&#8220;center&#8220; onclick=&#8220;link_image&#8220;][vc_empty_space][\/vc_column_inner][vc_column_inner width=&#8220;1\/3&#8243;][vc_single_image image=&#8220;14931&#8243; img_size=&#8220;large&#8220; alignment=&#8220;center&#8220; onclick=&#8220;link_image&#8220;][vc_empty_space][\/vc_column_inner][\/vc_row_inner][vc_column_text]<strong>Marcus, wie gehst du vor, wenn du Fotos f\u00fcr ein K\u00fcnstlerbuch oder einen Kunstkatalog erstellst?<\/strong><\/p>\n<p>Bei der Kunstdokumentation ist es unglaublich wichtig, dass die Farben, die der K\u00fcnstler f\u00fcr seine Werke gew\u00e4hlt hat, auch genauso im gedruckten Katalog wiedergegeben werden, denn die Farben hat der K\u00fcnstler mit Absicht gew\u00e4hlt \u2013 sie sind wichtiger Teil der Aussage und Wirkung seines Werks.<\/p>\n<p>Daher ist es f\u00fcr mich unerl\u00e4sslich, mit einem vollst\u00e4ndig kalibrierten Workflow mit durchg\u00e4ngigem Farbmanagement zu arbeiten.[\/vc_column_text][vc_empty_space][vc_single_image image=&#8220;14947&#8243; img_size=&#8220;large&#8220; alignment=&#8220;center&#8220;][vc_empty_space][vc_column_text]<strong>Was hei\u00dft das genau? Erz\u00e4hl uns doch bitte etwas \u00fcber den Ablauf.<\/strong><\/p>\n<p>F\u00fcr mich beginnt der Ablauf mit der Aufnahme. Im Fall der Ausstellung von Renata Jaworska hingen die Bilder bereits in der perfekt ausgeleuchteten Umgebung des Museumsraumes und ich brauchte lediglich meine Kamera in optimaler Symmetrie vor dem Bild ausrichten. Um Verzeichnungen und Verwackelungen zu vermeiden, verwende ich grunds\u00e4tzlich ein Stativ, das ich im optimalen Abstand zum Bild zentrisch ausrichte. Verwackelungen k\u00f6nnen bei dieser Art der Fotografie schnell entstehen, ist man doch oft gezwungen mit l\u00e4ngeren Belichtungszeiten zu arbeiten, um bei m\u00f6glichst niedrigen ISO-Werten zu fotografieren.[\/vc_column_text][vc_empty_space][vc_row_inner][vc_column_inner width=&#8220;1\/2&#8243;][vc_single_image image=&#8220;14955&#8243; img_size=&#8220;large&#8220; alignment=&#8220;center&#8220;][vc_empty_space][\/vc_column_inner][vc_column_inner width=&#8220;1\/2&#8243;][vc_single_image image=&#8220;14979&#8243; img_size=&#8220;large&#8220; alignment=&#8220;center&#8220;][vc_empty_space][\/vc_column_inner][\/vc_row_inner][vc_single_image image=&#8220;14971&#8243; img_size=&#8220;large&#8220; alignment=&#8220;center&#8220;][vc_empty_space][vc_column_text]Bevor ich allerdings das Bild fotografiere, ist es wichtig, die Kamera zu kalibrieren. Bisher habe ich daf\u00fcr den Spyder Checkr verwendet, den ich auf einem zweiten Stativ direkt vor dem Bild platziert habe. Dies ist wichtig, damit das identische Licht, das auf das Bild f\u00e4llt, auch den Spyder Checkr beleuchtet. So mache ich meine Referenzaufnahme mit dem Spyder Checkr im Bild.<\/p>\n<p>Erst danach fotografiere ich das eigentliche Kunstwerk mit den identischen Kameraeinstellungen.<\/p>\n<p><strong>Seit Kurzem verwendest du den Spyder Checkr Photo. Ist der Ablauf damit identisch und wo liegen die Unterschiede?<\/strong><\/p>\n<p>[\/vc_column_text][vc_empty_space][vc_single_image image=&#8220;14987&#8243; img_size=&#8220;large&#8220; alignment=&#8220;center&#8220;][vc_column_text]<\/p>\n<p style=\"text-align: center;\"><em>Spyder Checkr &amp; Spyder Checkr Photo im Vergleich<\/em><\/p>\n<p>[\/vc_column_text][vc_empty_space][vc_column_text]Ich mag den Spyder Checkr Photo, weil er kleiner als der Spyder Checkr und damit noch einfacher mitzunehmen ist. In der festen H\u00fclle ist er gut gesch\u00fctzt in der Fototasche dabei und die Farbfelder \u00fcberzeugen mich durch ihre extreme Mattigkeit. Er l\u00e4sst sich in verschiedenen Positionen aufstellen und bleibt zuverl\u00e4ssig stehen, aber ich pers\u00f6nlich h\u00e4tte gerne noch ein Stativgewinde, damit ich ihn auf einem zweiten Stativ positionieren kann. Gut, ich habe meistens auch Tische oder Hocker, die ich vor Ort zur Platzierung verwenden kann, oder ich balanciere den Spyder Checkr Photo auf einer Wechselplatte auf dem Stativkopf, aber ein Stativanschluss w\u00e4re f\u00fcr mich ein Plus.<\/p>\n<p>F\u00fcr die Postproduktion funktioniert der Spyder Checkr Photo hervorragend und die Anwendung ist identisch wie beim Spyder Checkr.[\/vc_column_text][vc_empty_space][vc_single_image image=&#8220;14995&#8243; img_size=&#8220;large&#8220; alignment=&#8220;center&#8220;][vc_column_text]<\/p>\n<p style=\"text-align: center;\"><em>Spyder Checkr Photo<\/em><\/p>\n<p>[\/vc_column_text][vc_empty_space][vc_column_text]<strong>Wie sieht deine Postproduktion aus?<\/strong><\/p>\n<p>Wenn ich ein wichtiges Kundenprojekt starte, ist mein erster Schritt am Rechner immer die erneute Kalibrierung des Monitors mit dem SpyderX. Zwar glaube ich nicht, dass sich mein Monitor seit der letzten Kalibrierung gro\u00dfartig ver\u00e4ndert hat, aber zwei Minuten f\u00fcr die Rekalibrierung sind immer sinnvoll investierte Zeit. Schlie\u00dflich ist mein Monitor die einzige M\u00f6glichkeit, die Farben meiner Fotos zu beurteilen und da gehe ich lieber auf Nummer sicher.<\/p>\n<p>In der Postproduktion arbeite ich meist mit Lightroom und lade meine Bilder zun\u00e4chst in den Katalog. Dann widme ich mich meinem Referenzschuss und schneide den Bildbereich mit dem Spyder Checkr Photo entsprechend zu, sodass nur noch dieser zu sehen ist. Anschlie\u00dfend lege ich mit Hilfe der Pipette die Farbtemperatur fest, dies geht \u00fcber die Wei\u00df-, Grau- und Schwarzfelder ganz einfach. Die Helligkeit sollte dann etwa bei 90 \u2013 95 % liegen, die Schw\u00e4rzen des Histogramms sollten etwa 4 % haben.<\/p>\n<p>Anschlie\u00dfend exportiere ich die Referenzaufnahme und lade sie in die zugeh\u00f6rige Datacolor Spyder Checkr Software. Hier platziert die Software automatisch Farbquadrate \u00fcber den Farbfeldern, die Ausrichtung l\u00e4sst sich aber auch noch anpassen. Wichtig ist, dass die kleinen Quadrate auf den richtigen Farbfeldern liegen, es muss aber nicht genau in der Mitte sein.<\/p>\n<p>Ich w\u00e4hle einen Modus (colorimetric f\u00fcr den Druck) aus und lasse die Software den Rest erledigen, denn sie erstellt nun ein Profil, das den Unterschied zwischen den fotografierten Farbwerten und den Soll-Farbwerten ausgleicht. Dieses Farbprofil speichere ich f\u00fcr Lightroom ab und kann es nach dem Neustart dann einfach in den Voreinstellungen in Lightroom abrufen und auf das Foto des Kunstwerks anwenden.<\/p>\n<p>Wichtig ist, dass dies nur funktioniert, solange sich die Lichtbedingungen bei der Aufnahme nicht ge\u00e4ndert haben, was f\u00fcr mich kein Problem ist, da ich bei der Kunstdokumentation immer unter kontrollierten Lichtbedingungen arbeite. Auch wenn ich w\u00e4hrend des Shootings eine andere Kamera oder ein anderes Objektiv verwenden sollte, m\u00fcsste ich die Referenzaufnahme mit dem Spyder Checkr Photo noch einmal machen.<\/p>\n<p>In Lightroom habe ich nun nach der Anwendung des Farbprofils ein farbkorrigiertes Foto, bei dem die Farben in der Datei den Farben des Kunstwerks entsprechen. Jetzt kann ich ggf. noch kleinere Nuancen wie den Kontrast anpassen.[\/vc_column_text][vc_empty_space][vc_row_inner][vc_column_inner width=&#8220;1\/2&#8243;][vc_single_image image=&#8220;15003&#8243; img_size=&#8220;large&#8220; alignment=&#8220;center&#8220;][vc_empty_space][\/vc_column_inner][vc_column_inner width=&#8220;1\/2&#8243;][vc_single_image image=&#8220;15011&#8243; img_size=&#8220;large&#8220; alignment=&#8220;center&#8220;][vc_empty_space][\/vc_column_inner][\/vc_row_inner][vc_column_text]<strong>Wie stellst du sicher, dass auch im Druck die Farben perfekt wiedergegeben werden?<\/strong><\/p>\n<p>Daf\u00fcr arbeite ich grunds\u00e4tzlich mit dem ICC-Profil der Druckmaschine. Eine gute Druckerei kann dieses ICC-Profil zur Verf\u00fcgung stellen und ich kann es in meiner Software einbinden und f\u00fcr den Softproof nutzen. Mit dieser Funktion simuliert die Software das Aussehen des gedruckten Ergebnisses auf dem Bildschirm und ich kann beurteilen, ob es zu Farbabweichungen kommen w\u00fcrde und kann hier ggf. noch korrigierend eingreifen.<\/p>\n<p>[\/vc_column_text][vc_empty_space][vc_single_image image=&#8220;15019&#8243; img_size=&#8220;large&#8220; alignment=&#8220;center&#8220;][vc_empty_space][vc_column_text]Alle Fotos: \u00a9 Marcus Schwier[\/vc_column_text][vc_empty_space][vc_separator][vc_empty_space][vc_row_inner][vc_column_inner width=&#8220;1\/4&#8243;][vc_single_image image=&#8220;15028&#8243; img_size=&#8220;large&#8220; alignment=&#8220;center&#8220;][vc_empty_space][\/vc_column_inner][vc_column_inner width=&#8220;3\/4&#8243;][vc_column_text]<strong>\u00dcber den Autor \u2013 Markus Schwier<\/strong><\/p>\n<p>Marcus Schwier, geb. 1964 studierte zun\u00e4chst Architektur und sp\u00e4ter dann Fotografie an der Kunstakademie D\u00fcsseldorf. Seine fotografischen Schwerpunkte vereinen daher die Architektur- und Kunstfotografie. Seit 1998 ver\u00f6ffentlichte er fast zwanzig Bildb\u00e4nde zu den verschiedenen Projekten. Seine Fotografien werden regelm\u00e4\u00dfig ausgestellt und erschienen in internationalen Zeitungen und Zeitschriften.<\/p>\n<p>[\/vc_column_text][vc_empty_space][vc_column_text]<\/p>\n<table>\n<tbody>\n<tr>\n<td style=\"padding-right: 15px;\"><strong>Website:<\/strong><\/td>\n<td><a href=\"https:\/\/marcusschwier.net\" target=\"_blank\" rel=\"noopener\">https:\/\/marcusschwier.net<\/a><\/td>\n<\/tr>\n<tr>\n<td style=\"padding-right: 15px;\"><\/td>\n<td><a href=\"https:\/\/www.marcus-schwier.de\">https:\/\/www.marcus-schwier.de<\/a><\/td>\n<\/tr>\n<tr>\n<td style=\"padding-right: 15px;\"><\/td>\n<td><a href=\"https:\/\/marcusschwier.com\/architecture.php\">https:\/\/marcusschwier.com\/architecture.php<\/a><\/td>\n<\/tr>\n<tr>\n<td style=\"padding-right: 15px;\"><strong>Facebook:<\/strong><\/td>\n<td><a href=\"https:\/\/www.facebook.com\/marcus.schwier\">https:\/\/www.facebook.com\/marcus.schwier<\/a><\/td>\n<\/tr>\n<\/tbody>\n<\/table>\n<p>[\/vc_column_text][\/vc_column_inner][\/vc_row_inner][\/vc_column][\/vc_row]<\/p>\n<\/div>","protected":false},"excerpt":{"rendered":"<p>[vc_row][vc_column][vc_column_text]Die Schwerpunkte von Datacolor Friends with Vision Fotograf Marcus Schwier liegen insbesondere auf zwei fotografischen Genres: Architekturfotografie und Kunstdokumentation. So unterschiedlich beide Disziplinen auch erscheinen m\u00f6gen, war f\u00fcr den studierten Architekten der Schritt zur Kunstdokumentation ein sehr kleiner, denn seine Kollegen aus der Studienzeit an der Kunstakademie D\u00fcsseldorf wenden sich noch immer gerne an ihn &hellip;<\/p>\n","protected":false},"author":3,"featured_media":15022,"comment_status":"closed","ping_status":"closed","sticky":false,"template":"","format":"standard","meta":{"_acf_changed":false,"footnotes":""},"categories":[244],"tags":[],"class_list":["post-23753","post","type-post","status-publish","format-standard","has-post-thumbnail","hentry","category-friends-with-vision-de"],"acf":[],"_links":{"self":[{"href":"https:\/\/www.datacolor.com\/spyder\/de\/wp-json\/wp\/v2\/posts\/23753","targetHints":{"allow":["GET"]}}],"collection":[{"href":"https:\/\/www.datacolor.com\/spyder\/de\/wp-json\/wp\/v2\/posts"}],"about":[{"href":"https:\/\/www.datacolor.com\/spyder\/de\/wp-json\/wp\/v2\/types\/post"}],"author":[{"embeddable":true,"href":"https:\/\/www.datacolor.com\/spyder\/de\/wp-json\/wp\/v2\/users\/3"}],"replies":[{"embeddable":true,"href":"https:\/\/www.datacolor.com\/spyder\/de\/wp-json\/wp\/v2\/comments?post=23753"}],"version-history":[{"count":0,"href":"https:\/\/www.datacolor.com\/spyder\/de\/wp-json\/wp\/v2\/posts\/23753\/revisions"}],"wp:featuredmedia":[{"embeddable":true,"href":"https:\/\/www.datacolor.com\/spyder\/de\/wp-json\/wp\/v2\/media\/15022"}],"wp:attachment":[{"href":"https:\/\/www.datacolor.com\/spyder\/de\/wp-json\/wp\/v2\/media?parent=23753"}],"wp:term":[{"taxonomy":"category","embeddable":true,"href":"https:\/\/www.datacolor.com\/spyder\/de\/wp-json\/wp\/v2\/categories?post=23753"},{"taxonomy":"post_tag","embeddable":true,"href":"https:\/\/www.datacolor.com\/spyder\/de\/wp-json\/wp\/v2\/tags?post=23753"}],"curies":[{"name":"wp","href":"https:\/\/api.w.org\/{rel}","templated":true}]}}