{"id":34512,"date":"2023-07-25T11:37:31","date_gmt":"2023-07-25T11:37:31","guid":{"rendered":"https:\/\/new.spyder.datacolor.eu\/spyder\/blog\/back-to-photographic-normality-nicolas-alexander-otto\/"},"modified":"2024-01-12T16:16:44","modified_gmt":"2024-01-12T16:16:44","slug":"back-to-photographic-normality-nicolas-alexander-otto","status":"publish","type":"post","link":"https:\/\/www.datacolor.com\/spyder\/de\/blog\/back-to-photographic-normality-nicolas-alexander-otto\/","title":{"rendered":"Zur\u00fcck zur fotografischen Normalit\u00e4t \u2013 Nicolas Alexander Otto"},"content":{"rendered":"<div class=\"wpb-content-wrapper\"><p>[vc_row][vc_column][vc_column_text]2022 war ein fantastisches Jahr.<br \/>\nNach der Corona-Krise kam vieles wieder in Gang; meine Fotoworkshops waren besser besucht, und ich hatte die Gelegenheit, mit meinen G\u00e4sten an viele bekannte und beliebte Orte zu reisen.<br \/>\nMan sollte meinen, dass nach all den Jahren des Reisens zu denselben Zielen irgendwann Tr\u00e4gheit und M\u00fcdigkeit einsetzen w\u00fcrden, aber bei mir ist das Gegenteil der Fall.<br \/>\nNachdem ich all die Orte, die Sie hier sehen, viele Male bereist habe &#8211; die Lofoten, die S\u00e4chsische Schweiz, die F\u00e4r\u00f6er-Inseln, Senja oder Island &#8211; ist es jedes Mal ein bisschen wie nach Hause kommen.<br \/>\nAber es gibt immer noch Bilder, denen ich hinterherjage.<br \/>\nIch habe neue Ideen f\u00fcr andere Blickwinkel, andere Brennweiten, andere Kompositionen und Techniken.<br \/>\nOft hatte ich kein Gl\u00fcck mit dem Wetter, so dass ich immer wieder gerne an diese Orte zur\u00fcckkehre, um eine weitere Chance zu haben, die erhofften Aufnahmen zu machen.<br \/>\nEs hat viele Jahre gedauert, bis ich endlich die Nordlichter \u00fcber dem Vestrahorn in einer sch\u00f6nen Form einfangen konnte und den richtigen Winkel der Sonne erwischte, um das Licht im Kalimastaub von Teneriffa zu reflektieren.     <\/p>\n<p>Die Fotografie ist ein Medium, das mich deshalb so fasziniert, weil ich nach jedem Bild, das ich mache, gef\u00fchlt schon 5 neue Bilder im Kopf habe, die ich festhalten m\u00f6chte.<br \/>\nIn meinen Fotoworkshops treffe ich Menschen, die meine Faszination f\u00fcr die Fotografie teilen und sich ebenfalls nach Bildern sehnen, die etwas Besonderes sind.<br \/>\nDie zweite H\u00e4lfte des Jahres 2022 war gepr\u00e4gt von vielen sch\u00f6nen, leichten Stimmungen, die ich abbilden konnte.  <\/p>\n<p>Jeder Fotograf sollte einen oder mehrere Orte haben, an die er oder sie immer wieder zur\u00fcckkehrt, um neue Ideen und Ans\u00e4tze zu verfolgen, Dinge auszuprobieren und vor allem zu experimentieren.<br \/>\nDas Fotografieren wird einfacher und entspannter, wenn man bereits ein gutes Bild von einem Ort hat.<br \/>\nOhne Druck kann man sich der Szene n\u00e4hern und \u00fcberlegen, wie man den kreativen Prozess auf seine ganz pers\u00f6nliche Weise angehen will.<br \/>\nUnd wenn Sie mit Ihrem Versuch nicht zufrieden sind, ist das auch in Ordnung, denn Sie haben bereits ein solides Bild zur Hand, auf das Sie zur\u00fcckgreifen k\u00f6nnen.<br \/>\nOrte, die von Natur aus dynamisch sind und ihr Aussehen oft ver\u00e4ndern, wie der ber\u00fchmte Eisbergstrand in Island, laden dazu ein, sie immer wieder zu fotografieren. In Fjallsfjara zum Beispiel sind die Eisberge, der Wasserstand, der Sonnenstand und das Wetter ver\u00e4nderlich, so dass sich immer wieder neue Bildideen ergeben k\u00f6nnen.<br \/>\nDeshalb fotografiere ich gerne Str\u00e4nde im Allgemeinen, aber auch station\u00e4re Orte ohne wechselnde Gezeiten ver\u00e4ndern ihr Aussehen je nach Jahreszeit und Lichteinfall.<br \/>\nDie Sonne direkt hinter dem Teide &#8211; dem h\u00f6chsten Vulkan der Kanarischen Inseln &#8211; untergehen zu sehen, ist nur im November und Dezember m\u00f6glich, so dass allein die Jahreszeit kreative Ideen inspirieren und dazu einladen kann, denselben Ort zu verschiedenen Zeiten des Jahres erneut aufzusuchen.<br \/>\nIch fotografiere mindestens einmal im Jahr in der S\u00e4chsischen Schweiz, und w\u00e4hrend ich immer wieder neue Aussichtspunkte finde, k\u00f6nnen auch &#8222;alte Bekannte&#8220;, wie der neblige Blick \u00fcber den &#8222;Kleinen Zschand&#8220;, jeden Morgen wieder anders aussehen.<br \/>\nAuch wenn ich schon unz\u00e4hlige Male auf den Felsvorspr\u00fcngen des kleinen Winterbergs gestanden habe, war das intensive Rosa des Morgens, das sich im Nebel spiegelte, etwas Besonderes, das ich noch nicht fotografiert hatte.<br \/>\nIch freue mich darauf, in diesem Herbst wieder einige meiner altbekannten Orte zu besuchen und sie mit meinen Reisebegleitern zu fotografieren.[\/vc_column_text][vc_empty_space][vc_single_image image=&#8220;34357&#8243; img_size=&#8220;large&#8220; alignment=&#8220;center&#8220;][vc_empty_space][vc_column_text]<\/p>\n<p style=\"text-align: center;\"><em>F\u00e4r\u00f6er Inseln, Sommer 2022<\/em><br \/>\n<em>1\/400s \u2013 1\/25s | f\/11 | ISO 200 | 20mm<\/em><\/p>\n<p>[\/vc_column_text][vc_empty_space][vc_column_text]Cairns, die kleinen Steinhaufen, die einst bei schlechtem Wetter Wanderern den Weg weisen sollten, finden sich auch auf den F\u00e4r\u00f6er Inseln zu Hauf. Diese Exemplare unweit der Stadt Klaksvik, scheinen allerdings eher von Touristen erbaut worden zu sein, denn zwei direkt nebeneinander abseits eines Wanderweges finden sich doch eher selten. Ist es doch verboten Cairns zu bauen, die nicht auf der Wanderroute selbst liegen, da sie unerfahrene Wandrer in die Irre leiten k\u00f6nnen. Dankenswerterweise gibt es heutzutage GPS. Doch waren das sicher keine Gedanken, die mir durch den Kopf gingen als ich diesen umwerfenden Sonnenuntergang \u00fcber den Fjorden fotografierte. [\/vc_column_text][vc_empty_space][vc_single_image image=&#8220;34367&#8243; img_size=&#8220;large&#8220; alignment=&#8220;center&#8220;][vc_empty_space][vc_column_text]<\/p>\n<p style=\"text-align: center;\"><em>F\u00e4r\u00f6er Inseln, Sommer 2022<\/em><br \/>\n<em>1\/250s \/| f\/8 | ISO 200 | 370mm<\/em><\/p>\n<p>[\/vc_column_text][vc_empty_space][vc_column_text]Das dynamische Wetter auf den F\u00e4r\u00f6er Inseln ist einer ihrer besonderen Reize. Durch die Lage des Archipels inmitten des Nordatlantiks macht die Inselgruppe oft ihr eigenes Wetter und insbesondere Wolken. Dabei entstehen teilweise unwirkliche Lichtstimmungen, wie diese Regenschauer angeleuchtet vom Lichtschein der im Nordwesten niedergehenden Abendsonne. Ein Wasserfall in der Ferne reflektiert das Licht, w\u00e4hrend das schwarze Gestein um ihn herum es schluckt, so scheint das st\u00fcrzende Wasser wie ein Silberschweif in der Schw\u00e4rze. Der kleine Schwarm Papageientaucher, welche sich nach der Brut wieder auf den Weg aufs offene Meer, komplettiert diesen unwirklichen Eindruck.[\/vc_column_text][vc_empty_space][vc_single_image image=&#8220;34387&#8243; img_size=&#8220;large&#8220; alignment=&#8220;center&#8220;][vc_empty_space][vc_column_text]<\/p>\n<p style=\"text-align: center;\"><em>Island, Winter 2022<\/em><br \/>\n<em>10s | f\/3.5 | ISO 1250 | 17mm<\/em><\/p>\n<p>[\/vc_column_text][vc_empty_space][vc_column_text]Aurora Borealis ist eines der faszinierendsten Naturschauspiele, das unsere Erde f\u00fcr uns bereit h\u00e4lt. In dieser vom Mondlicht erhellten Nacht scheint es aufgrund des Zusammenspiels von Mond- und Nordlicht gar nicht so dunkel zu sein, und man kann sogar seinen eigenen Schatten im schwarzen Sand sehen. [\/vc_column_text][vc_empty_space][vc_single_image image=&#8220;34397&#8243; img_size=&#8220;large&#8220; alignment=&#8220;center&#8220;][vc_empty_space][vc_column_text]<\/p>\n<p style=\"text-align: center;\"><em>Island, Winter 2022<\/em><br \/>\n<em>0.5s | f\/11 | ISO 160 | 20mm<\/em><\/p>\n<p>[\/vc_column_text][vc_empty_space][vc_column_text]Fjallsfjara auch oft \u201aDiamond Beach\u2018 genannt, ist einer der interessantesten K\u00fcstenabschnitte Islands. Hier werden Eisst\u00fccke, welche aus der naheliegenden Gletscherlagune J\u00f6kulsarlon ins Meer gesp\u00fclt werden von den Wellen wieder an den Strand getragen. Das Ergebnis ist ein fantastisches Spiel von Sand, Wasser und Eis, dem man stundenlang zuschauen m\u00f6chte. [\/vc_column_text][vc_empty_space][vc_single_image image=&#8220;34418&#8243; img_size=&#8220;large&#8220; alignment=&#8220;center&#8220;][vc_empty_space][vc_column_text]<\/p>\n<p style=\"text-align: center;\"><em>Norwegen, Herbst 2022<\/em><br \/>\n<em>1s | f\/11 | ISO 64 | 35mm<\/em><\/p>\n<p>[\/vc_column_text][vc_empty_space][vc_column_text]Regenb\u00f6gen im Sonnenuntergangslicht sind wohl der Traum eines jeden Fotografen. Umso sch\u00f6ner, wenn die Lofotenstr\u00e4nde sich als Motiv noch dazu so sch\u00f6n diesem wilden Wetter anschmiegen. Einer der sch\u00f6neren Sonnenunterg\u00e4nge die ich dort erleben durfte. [\/vc_column_text][vc_empty_space][vc_single_image image=&#8220;34428&#8243; img_size=&#8220;large&#8220; alignment=&#8220;center&#8220;][vc_empty_space][vc_column_text]<\/p>\n<p style=\"text-align: center;\"><em>S\u00e4chsische Schweiz, Herbst 2022<\/em><br \/>\n<em>0,5s | f\/7.1 | ISO 100 | 170mm<\/em><\/p>\n<p>[\/vc_column_text][vc_empty_space][vc_column_text]Nach n\u00e4chtlichen Regenschauern steigt der Nebel aus dem Waldesgrund auf und verschleiert die Mischw\u00e4lder des gro\u00dfen Zschand und der dahinter liegenden Steinformationen w\u00e4hrend die ersten Sonnenstrahlen den Schwaden einen zarten rosa Anstrich verleihen. [\/vc_column_text][vc_empty_space][vc_single_image image=&#8220;34438&#8243; img_size=&#8220;large&#8220; alignment=&#8220;center&#8220;][vc_empty_space][vc_column_text]<\/p>\n<p style=\"text-align: center;\"><em>Teneriffa, Herbst 2022<\/em><br \/>\n<em>1\/400s \u2013 1\/4 s | f\/11 | ISO 64 | 20mm<\/em><\/p>\n<p>[\/vc_column_text][vc_empty_space][vc_column_text]In den Herbstmonaten steht die Sonne schon weit im S\u00fcden und selbst n\u00e4her am \u00c4quator macht sich dies bemerkbar. So kann aus dem richtigen Winkel beobachtet die Sonne direkt hinter dem Teide untergehen und den Saharasand, welcher sich oft in den h\u00f6heren Luftschichten \u00fcber den kanarischen Inseln findet, sichtbar machen. Teneriffa ist besonders sch\u00f6n um dieses Ph\u00e4nomen zu beobachten. [\/vc_column_text][vc_empty_space][vc_single_image image=&#8220;34458&#8243; img_size=&#8220;large&#8220; alignment=&#8220;center&#8220;][vc_empty_space][vc_column_text]<\/p>\n<p style=\"text-align: center;\"><em>Teneriffa, Herbst 2022<\/em><br \/>\n<em>1\/400s \u2013 0,6s | f\/16 | ISO 64 | 20mm<\/em><\/p>\n<p>[\/vc_column_text][vc_empty_space][vc_column_text]Opuntien geh\u00f6ren zu den am weitesten verbreiteten Kakteenarten der Kanaren. Einst aus S\u00fcdamerika eingef\u00fchrt, werden Opuntien noch heute als Wirtspflanzen f\u00fcr die Zucht von Schildl\u00e4usen zur Herstellung von Farbstoffen angebaut. Allerdings finden sie sich auch so \u00fcberall auf den Inseln, insbesondere auf Teneriffa, wie hier \u00fcber der Schlucht von Masca. [\/vc_column_text][vc_empty_space][vc_single_image image=&#8220;34488&#8243; img_size=&#8220;large&#8220; alignment=&#8220;center&#8220;][vc_empty_space][vc_column_text]<\/p>\n<p style=\"text-align: center;\"><em>Norwegen, Herbst 2022<\/em><br \/>\n<em>10s | f\/2.0 | ISO2500 | 20mm<\/em><\/p>\n<p>[\/vc_column_text][vc_empty_space][vc_column_text]\u00dcber den Spitzen der Okshornan auf Senja tanzen die Magischen Lichter der Aurora Borealis. Ohne Mond oder Streulicht von umliegenden St\u00e4dten wirkt der Nachhimmel f\u00fcr Mitteleurop\u00e4er fast unnat\u00fcrlich dunkel. Doch gerade in diesen N\u00e4chten kommen die Lichter besonders gut zur Geltung. [\/vc_column_text][vc_empty_space][vc_single_image image=&#8220;34498&#8243; img_size=&#8220;large&#8220; alignment=&#8220;center&#8220;][vc_empty_space][vc_column_text]<\/p>\n<p style=\"text-align: center;\"><em>S\u00e4chsische Schweiz, Herbst 2022<\/em><br \/>\n<em>1\/1000s \u2013 1\/4s | f\/11 | ISO64 | 20mm<\/em><\/p>\n<p>[\/vc_column_text][vc_empty_space][vc_column_text]Auch die kleineren Formationen von Felsen in der S\u00e4chsischen Schweiz k\u00f6nnen f\u00fcr einen sch\u00f6nen Ausblick lohnend sein. Zwar kommt man sich nicht vor wie der ber\u00fchmte Wanderer \u00fcber dem Nebelmeer, da sie bei Nebel oftmals g\u00e4nzlich verschluckt werden, aber an einem sch\u00f6nen nebelfreien Morgen wie diesem reicht es auch nur ein paar wenige H\u00f6henmeter aufzusteigen um eine sch\u00f6ne Aussicht zu genie\u00dfen. [\/vc_column_text][vc_empty_space][vc_separator accent_color=&#8220;#cccccc&#8220;][vc_empty_space][\/vc_column][\/vc_row][vc_row][vc_column][vc_column_text]Nicolas Alexander Otto (*1987) fotografiert seit \u00fcber 15 Jahren, seit 2016 ist er als Dozent f\u00fcr Fotografie und Nachbearbeitung bei verschiedenen \u00f6ffentlichen Tr\u00e4gern und privaten Agenturen t\u00e4tig.<\/p>\n<p>Er schreibt f\u00fcr verschiedene Fotomagazine und seine Fotos wurden in mehreren internationalen Ausstellungen gezeigt. Er fotografiert im Spannungsfeld zwischen abgelegenen Landschaften und Gro\u00dfstadtdschungel, zwischen Natur und Mensch. Sein st\u00e4ndig wachsender Hunger nach neuen Erfahrungen und neuen Orten treibt ihn dazu, sich hinauszuwagen und Momente f\u00fcr die Tage zu Hause festzuhalten.  <\/p>\n<p>In einer Welt, die immer schneller und hektischer wird, schaffen sie eine Oase der Ruhe f\u00fcr die Betrachter. Ob Langzeitbelichtungen an der K\u00fcste, Nachtaufnahmen in den Bergen, die blaue Stunde \u00fcber einer Skyline oder der Sonnenaufgang im Wald, Alexander versucht, diese fl\u00fcchtigen Momente mit ewiger Pr\u00e4zision und dem Streben nach Perfektion zu verewigen und so das Leben anderer zu bereichern.[\/vc_column_text][vc_empty_space][vc_row_inner][vc_column_inner width=&#8220;1\/4&#8243;][vc_column_text]<strong>Email:<\/strong>[\/vc_column_text][\/vc_column_inner][vc_column_inner width=&#8220;3\/4&#8243;][vc_column_text]<a href=\"mailto:info@nao-photo.net\" target=\"_blank\" rel=\"noopener\">info@nao-photo.net<\/a>[\/vc_column_text][\/vc_column_inner][\/vc_row_inner][vc_row_inner][vc_column_inner width=&#8220;1\/4&#8243;][vc_column_text]<strong>Website:<\/strong>[\/vc_column_text][\/vc_column_inner][vc_column_inner width=&#8220;3\/4&#8243;][vc_column_text]<a href=\"https:\/\/nicolasalexanderotto.net\" target=\"_blank\" rel=\"noopener\">https:\/\/nicolasalexanderotto.net<\/a>[\/vc_column_text][\/vc_column_inner][\/vc_row_inner][vc_row_inner][vc_column_inner width=&#8220;1\/4&#8243;][vc_column_text]<strong>Blog:<\/strong>[\/vc_column_text][\/vc_column_inner][vc_column_inner width=&#8220;3\/4&#8243;][vc_column_text]<a href=\"https:\/\/nicolasalexanderotto.net\/blog\/\" target=\"_blank\" rel=\"noopener\">https:\/\/nicolasalexanderotto.net\/blog\/<\/a>[\/vc_column_text][\/vc_column_inner][\/vc_row_inner][vc_row_inner][vc_column_inner width=&#8220;1\/4&#8243;][vc_column_text]<strong>Instagram:<\/strong>[\/vc_column_text][\/vc_column_inner][vc_column_inner width=&#8220;3\/4&#8243;][vc_column_text]<a href=\"https:\/\/www.instagram.com\/nicolasalexanderotto\/\" target=\"_blank\" rel=\"noopener\">www.instagram.com\/nicolasalexanderotto\/<\/a>[\/vc_column_text][\/vc_column_inner][\/vc_row_inner][vc_row_inner][vc_column_inner width=&#8220;1\/4&#8243;][vc_column_text]<strong>Facebook:<\/strong>[\/vc_column_text][\/vc_column_inner][vc_column_inner width=&#8220;3\/4&#8243;][vc_column_text]<a href=\"https:\/\/www.facebook.com\/NAlexanderOttoPhotography\" target=\"_blank\" rel=\"noopener\">www.facebook.com\/NAlexanderOttoPhotography<\/a>[\/vc_column_text][\/vc_column_inner][\/vc_row_inner][vc_row_inner][vc_column_inner width=&#8220;1\/4&#8243;][vc_column_text]<strong>Youtube:<\/strong>[\/vc_column_text][\/vc_column_inner][vc_column_inner width=&#8220;3\/4&#8243;][vc_column_text]<a href=\"https:\/\/www.youtube.com\/c\/nicolasalexanderotto\" target=\"_blank\" rel=\"noopener\">https:\/\/www.youtube.com\/c\/nicolasalexanderotto<\/a>[\/vc_column_text][\/vc_column_inner][\/vc_row_inner][vc_row_inner][vc_column_inner width=&#8220;1\/4&#8243;][vc_column_text]<strong>500px:<\/strong>[\/vc_column_text][\/vc_column_inner][vc_column_inner width=&#8220;3\/4&#8243;][vc_column_text]<a href=\"https:\/\/500px.com\/p\/nicolasalexanderotto?view=photos\" target=\"_blank\" rel=\"noopener\">https:\/\/500px.com\/p\/nicolasalexanderotto?view=photos<\/a>[\/vc_column_text][\/vc_column_inner][\/vc_row_inner][\/vc_column][\/vc_row]<\/p>\n<\/div>","protected":false},"excerpt":{"rendered":"<p>[vc_row][vc_column][vc_column_text]2022 war ein fantastisches Jahr. Nach der Corona-Krise kam vieles wieder in Gang; meine Fotoworkshops waren besser besucht, und ich hatte die Gelegenheit, mit meinen G\u00e4sten an viele bekannte und beliebte Orte zu reisen. Man sollte meinen, dass nach all den Jahren des Reisens zu denselben Zielen irgendwann Tr\u00e4gheit und M\u00fcdigkeit einsetzen w\u00fcrden, aber bei &hellip;<\/p>\n","protected":false},"author":3,"featured_media":34361,"comment_status":"closed","ping_status":"closed","sticky":false,"template":"","format":"standard","meta":{"_acf_changed":false,"footnotes":""},"categories":[285,244],"tags":[321],"class_list":["post-34512","post","type-post","status-publish","format-standard","has-post-thumbnail","hentry","category-blog-de","category-friends-with-vision-de","tag-nicolas-alexander-otto-de"],"acf":[],"_links":{"self":[{"href":"https:\/\/www.datacolor.com\/spyder\/de\/wp-json\/wp\/v2\/posts\/34512","targetHints":{"allow":["GET"]}}],"collection":[{"href":"https:\/\/www.datacolor.com\/spyder\/de\/wp-json\/wp\/v2\/posts"}],"about":[{"href":"https:\/\/www.datacolor.com\/spyder\/de\/wp-json\/wp\/v2\/types\/post"}],"author":[{"embeddable":true,"href":"https:\/\/www.datacolor.com\/spyder\/de\/wp-json\/wp\/v2\/users\/3"}],"replies":[{"embeddable":true,"href":"https:\/\/www.datacolor.com\/spyder\/de\/wp-json\/wp\/v2\/comments?post=34512"}],"version-history":[{"count":0,"href":"https:\/\/www.datacolor.com\/spyder\/de\/wp-json\/wp\/v2\/posts\/34512\/revisions"}],"wp:featuredmedia":[{"embeddable":true,"href":"https:\/\/www.datacolor.com\/spyder\/de\/wp-json\/wp\/v2\/media\/34361"}],"wp:attachment":[{"href":"https:\/\/www.datacolor.com\/spyder\/de\/wp-json\/wp\/v2\/media?parent=34512"}],"wp:term":[{"taxonomy":"category","embeddable":true,"href":"https:\/\/www.datacolor.com\/spyder\/de\/wp-json\/wp\/v2\/categories?post=34512"},{"taxonomy":"post_tag","embeddable":true,"href":"https:\/\/www.datacolor.com\/spyder\/de\/wp-json\/wp\/v2\/tags?post=34512"}],"curies":[{"name":"wp","href":"https:\/\/api.w.org\/{rel}","templated":true}]}}