{"id":34945,"date":"2023-08-21T09:08:38","date_gmt":"2023-08-21T09:08:38","guid":{"rendered":"https:\/\/new.spyder.datacolor.eu\/spyder\/blog\/why-i-use-color-management-with-link-to-the-spyder-x2-2\/"},"modified":"2024-01-12T16:11:53","modified_gmt":"2024-01-12T16:11:53","slug":"why-i-use-color-management","status":"publish","type":"post","link":"https:\/\/www.datacolor.com\/spyder\/de\/blog\/why-i-use-color-management\/","title":{"rendered":"Warum ich Farbmanagement verwende"},"content":{"rendered":"<div class=\"wpb-content-wrapper\"><p>[vc_row][vc_column][vc_column_text]<strong>Wann und wie bist du zur Fotografie gekommen? <\/strong><\/p>\n<p>Oh Gott, schon als 9-j\u00e4hriges Kind lief ich mit einer alten Kodak-Kamera herum, die mir meine Eltern geschenkt hatten. Ich war wahrscheinlich etwa 12, als ich mein erstes &#8222;Shooting&#8220; mit derselben Kodak machte. Ich lie\u00df meine wundersch\u00f6ne langbeinige Freundin auf einem schrecklichen gr\u00fcnen Ikea-Tisch f\u00fcr mich posieren. Als ich 16 war, schaffte ich es, genug Geld f\u00fcr eine Sony-Kompaktkamera zu sparen und die hatte ich jeden Tag dabei, um alles festzuhalten \u2013 bis sie mir mit 22 Jahren gestohlen wurde. Mit 26 Jahren dann, als ich meine Karriere als Social-Media-Managerin in Schwung brachte, fing ich an, Fotos und Videos f\u00fcr Kunden verschiedener Kreativagenturen zu machen, f\u00fcr die ich arbeitete. Die Leidenschaft kam sogar noch st\u00e4rker zur\u00fcck und hat mich seitdem nie wieder verlassen&#8230;     <\/p>\n<p><strong>Betreibst du die Fotografie als Hobby oder verdienst du deinen Lebensunterhalt damit? <\/strong><\/p>\n<p>Fotografie ist mein Beruf. Ich k\u00f6nnte mir nicht vorstellen, ihn jemals wieder aufzugeben. Die Zeiten \u00e4ndern sich, und es k\u00f6nnte eine Zeit kommen, in der ich vor\u00fcbergehend oder in Teilzeit etwas anderes machen muss, und ich denke, darauf sollte man gedanklich vorbereitet sein. Man muss damit rechnen, dass etwas schief gehen k\u00f6nnte, ohne dass man sich daf\u00fcr sch\u00e4men oder sich als Versager f\u00fchlen m\u00fcsste. Die Selbstst\u00e4ndigkeit ist nicht immer einfach und beinhaltet so viele verschiedene Faktoren, die au\u00dferhalb unserer Kontrolle liegen. Daher ist es wichtig, den eigenen Weg zu finden und gleichzeitig ein klares Ziel vor Augen zu haben. Ich musste bei Null anfangen, als ich 2018 nach Gro\u00dfbritannien gezogen war, und ich denke, ich bin auf einem guten Weg, mir einen Namen und meine Arbeit bekannt zu machen. [\/vc_column_text][vc_empty_space][vc_single_image image=&#8220;34843&#8243; img_size=&#8220;large&#8220; alignment=&#8220;center&#8220;][vc_empty_space][vc_column_text]<strong>Wer und\/oder was inspiriert dich am meisten? <\/strong><\/p>\n<p>Mode hat mich schon immer kreativ angetrieben. Ich war wie gefesselt vom Fernsehen und dann vom Internet und scrollte endlos durch Paparazzi-Fotos von Ber\u00fchmtheiten, um Inspiration zu finden. Ich brauche st\u00e4ndig einen visuellen Anreiz, der mein Gehirn in Gang brachte. Ich analysiere die Welt definitiv mit meinen Augen, und das zahlt sich bei der Erstellung von Fotos und Videos wirklich aus.   <\/p>\n<p>Eine weitere gro\u00dfe Inspiration f\u00fcr mich sind die Menschen selbst. Ich nehme mir Zeit, meine Kunden kennen zu lernen. Wie kann ich sie am besten portr\u00e4tieren? Ihre Lebensgeschichten haben sie zu dem gemacht, was sie sind, und warum sie so sind, wie sie sind. Das ist so inspirierend! Wenn ich Veranstaltungen wie Hochzeiten fotografiere, kann ich all diese kleinen, besonderen Momente wahrnehmen und festhalten.     <\/p>\n<p><strong>Wo liegen deine fotografischen Schwerpunkte? <\/strong><\/p>\n<p>Ich m\u00f6chte eine Geschichte erz\u00e4hlen und Emotionen hervorrufen. Ich m\u00f6chte nicht einfach nur ein Foto machen. Das kann jeder. Ich m\u00f6chte, dass die Menschen meine Fotos und Videos sp\u00fcren k\u00f6nnen. [\/vc_column_text][vc_empty_space][vc_single_image image=&#8220;34813&#8243; img_size=&#8220;large&#8220; alignment=&#8220;center&#8220;][vc_empty_space][vc_column_text]<strong>Was ist dein n\u00e4chstes fotografisches Projekt, deine n\u00e4chste Herausforderung? <\/strong><\/p>\n<p>Ein Projekt geht eigentlich schon ins n\u00e4chste \u00fcber! Mein Lebens- und Gesch\u00e4ftspartner Lel Burnett und ich er\u00f6ffnen ein Gesch\u00e4ft f\u00fcr Hochzeitsvideografie und -fotografie. Wir bieten eine Rundum-Berichterstattung von Fotos bis hin zu Filmen und versorgen High-End-Kunden mit einem ma\u00dfgeschneiderten Paket f\u00fcr ihren ganz besonderen Tag. Unser erster Kunde ist ein wunderbares junges Paar, das diesen August heiratet und uns gebeten hat, ihren besonderen Tag dokumentarisch zu begleiten. Wir sind so aufgeregt und freuen uns auf das Filmmaterial![\/vc_column_text][vc_empty_space][vc_single_image image=&#8220;34863&#8243; img_size=&#8220;large&#8220; alignment=&#8220;center&#8220;][vc_empty_space][vc_column_text]<strong>Nutzt du Farbmanagement in deinem fotografischen Workflow? <\/strong><\/p>\n<p>Aber nat\u00fcrlich! Farben k\u00f6nnen ein Foto ausmachen oder zerst\u00f6ren. Viele Leute verwenden Farbmanagement, ohne es \u00fcberhaupt zu erw\u00e4hnen. Ihr kreativer Auswahlprozess w\u00e4hrend der Bearbeitung ist Teil des Ganzen, aber damit beginnt es nicht. Er f\u00e4ngt schon bei der Auswahl des Monitors, des Laptops, des Tablets und auch bei der Auswahl des Log-Profils an, mit dem ein Video gedreht werden soll, usw.     <\/p>\n<p>Seit einem Jahr verwende ich auch die Datacolor-Produkte Spyder Checkr Photo, Spyder Cube und die Monitorkalibrierung, die mir helfen, genau die Farben zu erhalten, mit denen ich gerne arbeite. Sie geben mir die Gewissheit, dass meine farbliche Basis stimmt und ich mich nur noch auf meine Bearbeitung konzentrieren muss! <br \/>\n[\/vc_column_text][vc_empty_space][vc_row_inner][vc_column_inner width=&#8220;1\/2&#8243;][\/vc_column_inner][vc_column_inner width=&#8220;1\/2&#8243;][\/vc_column_inner][\/vc_row_inner][vc_column_text]<strong>Warum ist dir Farbmanagement und Farbkalibrierung wichtig? Wie sieht dein Workflow aus?  <\/strong><\/p>\n<p>Profis in den kreativen und bildschaffenden Branchen tun Dinge mit einer bestimmten Absicht. Farbentscheidungen sind wichtig \u2013 die beste Erkl\u00e4rung daf\u00fcr liefern Filme. K\u00f6nnen Sie sich Blade Runner in Gr\u00fcnt\u00f6nen vorstellen? Auf keinen Fall. Das passt nicht zur Botschaft des Films. Die Farbwahl ist fast ein eigener Schauspieler \u2013 sie spielt eine Rolle, sie setzt einen emotionalen Akzent, sie wird zur Identit\u00e4t des Films. Genauso arbeiten wir auch mit unseren Kunden. Vor allem im kommerziellen Bereich arbeiten wir mit sehr spezifischen Briefings und Farbschemata, die auf der visuellen Identit\u00e4t einer Marke beruhen.      Genauso arbeiten wir auch mit unseren Kunden. Vor allem im kommerziellen Bereich, wo wir an sehr spezifischen Briefings und Farbschemata arbeiten, die auf der visuellen Identit\u00e4t einer Marke beruhen.<\/p>\n<p>Der Arbeitsablauf ist jetzt sehr automatisch. Ich kalibriere meinen Monitor immer mindestens alle paar Monate, und mit den Spyder-Produkten ist das ganz einfach &#8211; man muss nur eine Erinnerung in der Software einrichten, so dass man gar nicht mehr daran denkt, bis man benachrichtigt wird, dass es an der Zeit ist! Bei den Dreharbeiten verwende ich oft den Spyder Checkr Photo zur weiteren Farbkalibrierung in der Kamera und zur einfacheren Farbkorrektur in der Nachbearbeitung. Am Anfang mag sich das \u00fcberw\u00e4ltigend anf\u00fchlen, aber wenn man sich erst einmal daran gew\u00f6hnt hat, dauert es nur eine Sekunde am Set und spart sp\u00e4ter eine Menge Zeit. Ganz zu schweigen davon, dass Ihr wahrgenommener Produktionswert in den Augen Ihrer Kunden steigt!<br \/>\n[\/vc_column_text][vc_empty_space][vc_single_image image=&#8220;34853&#8243; img_size=&#8220;large&#8220; alignment=&#8220;center&#8220;][vc_empty_space][vc_column_text]<strong>Warum nutzt du Farbmanagement? <\/strong><\/p>\n<p>Weil Farben wichtig sind. Sie verleihen deinen Fotos eine emotionale Dimension. Sie sind die 3D-Ebene deines Fotos, die dir hilft, die Szene zu verstehen. Mit pr\u00e4zise kalibrierten Monitoren und Bildschirmen hat man die volle Kontrolle \u00fcber das Colour Grading und die Farbkorrektur.   <\/p>\n<p><strong>Welche Erfahrungen hast du mit dem X2 gemacht? Wie hat er dir geholfen? Wie hat er deine Fotografie ver\u00e4ndert?   <\/strong><\/p>\n<p>Ich bin begeistert davon! Meine Lieblingsfunktion ist die Analyse. Ich bin nicht die gr\u00f6\u00dfte Technikerin vor dem Herrn, aber ich bin immer wissbegierig, und ich mag die visuelle Darstellung, sodass ich mithilfe von Datacolor lernen kann, w\u00e4hrend ich das, was ich am besten kann, perfektioniere. [\/vc_column_text][vc_empty_space][vc_single_image image=&#8220;34833&#8243; img_size=&#8220;large&#8220; alignment=&#8220;center&#8220;][vc_empty_space][vc_column_text]<strong>Was machst du mit deinen entstandenen Bildern, werden sie z.B. gedruckt, erstellst du ein Fotobuch, postest sie in sozialen Netzwerken und auf deiner Website oder bleiben Sie einfach nur auf der Festplatte deines Rechners?  <\/strong><\/p>\n<p>Im Moment ist das alles haupts\u00e4chlich digital. Einige bleiben nat\u00fcrlich auf meiner Festplatte, in der Hoffnung, dass ich sie eines Tages wiederfinde (Spoiler-Alarm: das passiert nie!), aber ein paar Fotos werden immer mal wieder in Modezeitschriften ver\u00f6ffentlicht und gedruckt. Mit unserem neuen Gesch\u00e4ft f\u00fcr Hochzeitsfotografie und -videografie werden wir auch damit anfangen, Hochzeitsalben und -abz\u00fcge zu machen. Das ist etwas, worauf wir beide sehr gespannt sind. Lel hatte schon mal eine Druckerei, also werde ich mich auf sein Fachwissen verlassen. Wir haben die Produkte von Datacolor, die uns dabei helfen, noch bevor das erste Album \u00fcberhaupt sein Go f\u00fcr den Weg in die Druckerei bekommt. Die Druckfarben m\u00fcssen zu 100 % mit unserer digitalen Ausgabe \u00fcbereinstimmen, und ich denke, es ist wichtig, dass wir alle Farbmanagement-M\u00f6glichkeiten nutzen, um das zu erreichen.     <br \/>\n[\/vc_column_text][vc_empty_space][vc_single_image image=&#8220;34803&#8243; img_size=&#8220;large&#8220; alignment=&#8220;center&#8220;][vc_empty_space][vc_column_text]<strong>Was m\u00f6chtest du fotografisch erreichen, wovon tr\u00e4umst du?  <\/strong><\/p>\n<p>Niemals damit aufzuh\u00f6ren? Aber ich w\u00fcrde auch gerne eines Tages gro\u00dfe Kampagnen f\u00fcr einige meiner Lieblingsmarken aufnehmen \u2013 vor allem f\u00fcr Adidas und Yves Saint Laurent. Hoffentlich eines Tages&#8230;  <\/p>\n<p>[\/vc_column_text][vc_empty_space][vc_single_image image=&#8220;34823&#8243; img_size=&#8220;large&#8220; alignment=&#8220;center&#8220;][vc_empty_space][vc_separator accent_color=&#8220;#cccccc&#8220;][vc_empty_space][vc_column_text]Rysia Rhys ist eine in Gro\u00dfbritannien ans\u00e4ssige Fotografin und Filmemacherin und die erste Wahl f\u00fcr alle, die einzigartige Inhalte mit redaktionellem Touch suchen. Sie hat bereits 10 Jahre Erfahrung in der Kreativbranche sowie 3 Jahre in der Werbefotografie. Rysia ist auf visuelles Storytelling und die Erstellung fesselnder Portr\u00e4t-, Mode- und Werbebilder spezialisiert. <\/p>\n<p>[\/vc_column_text][\/vc_column][\/vc_row]<\/p>\n<\/div>","protected":false},"excerpt":{"rendered":"<p>[vc_row][vc_column][vc_column_text]Wann und wie bist du zur Fotografie gekommen? Oh Gott, schon als 9-j\u00e4hriges Kind lief ich mit einer alten Kodak-Kamera herum, die mir meine Eltern geschenkt hatten. Ich war wahrscheinlich etwa 12, als ich mein erstes &#8222;Shooting&#8220; mit derselben Kodak machte. Ich lie\u00df meine wundersch\u00f6ne langbeinige Freundin auf einem schrecklichen gr\u00fcnen Ikea-Tisch f\u00fcr mich posieren. &hellip;<\/p>\n","protected":false},"author":3,"featured_media":34877,"comment_status":"closed","ping_status":"closed","sticky":false,"template":"","format":"standard","meta":{"_acf_changed":false,"footnotes":""},"categories":[285],"tags":[311],"class_list":["post-34945","post","type-post","status-publish","format-standard","has-post-thumbnail","hentry","category-blog-de","tag-rysia-rhys-de"],"acf":[],"_links":{"self":[{"href":"https:\/\/www.datacolor.com\/spyder\/de\/wp-json\/wp\/v2\/posts\/34945","targetHints":{"allow":["GET"]}}],"collection":[{"href":"https:\/\/www.datacolor.com\/spyder\/de\/wp-json\/wp\/v2\/posts"}],"about":[{"href":"https:\/\/www.datacolor.com\/spyder\/de\/wp-json\/wp\/v2\/types\/post"}],"author":[{"embeddable":true,"href":"https:\/\/www.datacolor.com\/spyder\/de\/wp-json\/wp\/v2\/users\/3"}],"replies":[{"embeddable":true,"href":"https:\/\/www.datacolor.com\/spyder\/de\/wp-json\/wp\/v2\/comments?post=34945"}],"version-history":[{"count":0,"href":"https:\/\/www.datacolor.com\/spyder\/de\/wp-json\/wp\/v2\/posts\/34945\/revisions"}],"wp:featuredmedia":[{"embeddable":true,"href":"https:\/\/www.datacolor.com\/spyder\/de\/wp-json\/wp\/v2\/media\/34877"}],"wp:attachment":[{"href":"https:\/\/www.datacolor.com\/spyder\/de\/wp-json\/wp\/v2\/media?parent=34945"}],"wp:term":[{"taxonomy":"category","embeddable":true,"href":"https:\/\/www.datacolor.com\/spyder\/de\/wp-json\/wp\/v2\/categories?post=34945"},{"taxonomy":"post_tag","embeddable":true,"href":"https:\/\/www.datacolor.com\/spyder\/de\/wp-json\/wp\/v2\/tags?post=34945"}],"curies":[{"name":"wp","href":"https:\/\/api.w.org\/{rel}","templated":true}]}}