{"id":38373,"date":"2023-12-06T13:35:24","date_gmt":"2023-12-06T13:35:24","guid":{"rendered":"https:\/\/new.spyder.datacolor.eu\/spyder\/blog\/street-reisefotografie-10-bilder-10-behind-the-scenes-10-tipps\/"},"modified":"2023-12-06T13:35:31","modified_gmt":"2023-12-06T13:35:31","slug":"street-reisefotografie-10-bilder-10-behind-the-scenes-10-tipps","status":"publish","type":"post","link":"https:\/\/www.datacolor.com\/spyder\/de\/blog\/street-reisefotografie-10-bilder-10-behind-the-scenes-10-tipps\/","title":{"rendered":"Street- &amp; Reisefotografie \u2013 10 Bilder, 10 Behind-the-Scenes, 10 Tipps"},"content":{"rendered":"<div class=\"wpb-content-wrapper\"><p>[vc_row][vc_column][vc_column_text]Klaus Wohlmann ist Profifotograf und einer unserer Friends with Vision. Er lebt und arbeitet in K\u00f6ln und ist bereits seit 1993 ist er freischaffender Maler und Fotograf. Seine zwei gro\u00dfen Leidenschaften der Fotografie sind Reise- und Streetfotografie, zwei Genres, die sich sehr gut miteinander kombinieren lassen. Andere Bereiche der Fotografie sind nicht so umfassend, wie diese beiden, erfordern Sie doch sowohl den Blick f\u00fcr den Bildaufbau, schnelles Erkennen und Handeln, Kenntnisse von der Architekturfotografie bis hin zur Portr\u00e4tfotografie und dem Umgang mit Menschen, als auch das Verst\u00e4ndnis und das gekonnte Spiel mit Licht und Schatten.   <\/p>\n<p>Wir haben Klaus gebeten, uns mit 10 seiner Bilder mit auf eine kleine Reise zu nehmen, uns die Geschichte hinter den Bildern zu erz\u00e4hlen und den einen oder anderen Tipp zu teilen, mit dem auch wir die Aufnahmen von unserer n\u00e4chsten Reise verbessern k\u00f6nnen.[\/vc_column_text][vc_empty_space][\/vc_column][\/vc_row][vc_row][vc_column][vc_column_text]<strong>1. Antwerpen \u2013 Die Reise beginnt<\/strong>[\/vc_column_text][vc_empty_space][vc_single_image image=&#8220;38216&#8243; img_size=&#8220;large&#8220; alignment=&#8220;center&#8220;][vc_column_text]<em>35-150 mm f2-f2,8 @ 49 mm, 1\/125 Sek, f\/4, ISO 3200<\/em>[\/vc_column_text][vc_empty_space][\/vc_column][\/vc_row][vc_row][vc_column][vc_column_text]F\u00fcr mich ist es die Aufnahmeposition, die dieses Bild ausmacht. Ich befinde mich mit der Kamera auf Bahnsteigh\u00f6he und fast auf den Gleisen \u2013 ein Effekt, der sich erreichen l\u00e4sst, indem man die Position entsprechend verlagert. Im Zweifel darf man sich nicht zu schade sein, auch mal ein wenig schmutzig zu werden (dabei bitte immer auf die eigene Sicherheit achten!) oder die voreingestellte Kamera am ausgestreckten Arm zu halten. Ein Schwenkdisplay leistet hier gro\u00dfartige Hilfe bei der Bildkomposition.<\/p>\n<p>  Bei der Gestaltung des Bildes war es mir wichtig, dass die Hauptlinie ins Bild der Bahnsteig ist, also die Kante, an der normalerweise der Zug fahren w\u00fcrden. Au\u00dferdem habe ich darauf geachtet, dass die Abst\u00e4nde innerhalb des Bildes passen, dass also der Raum des Reliefs an der linken Wand in etwa dem Raum der Glasscheiben auf der rechten Seite entsprechen. <\/p>\n<p>Die im Bild positionierte Person war in diesem Fall ein Teilnehmer meines Workshops, aber auch mit ein wenig Geduld w\u00e4re es sicherlich zu einer \u00e4hnlichen Aufnahme gekommen. Ist man allein unterwegs, lassen sich solche Bilder trotzdem umsetzen, weil immer wieder Reisende den Bahnsteig betreten, um auf den Zug zu warten.  <\/p>\n<p>Ein Foto wie dieses eignet sich hervorragend, um den Beginn oder das Ende einer Reise zu dokumentieren.[\/vc_column_text][vc_empty_space][\/vc_column][\/vc_row][vc_row][vc_column][vc_column_text]<strong>2. Porto \u2013 Linien<\/strong>[\/vc_column_text][vc_empty_space][vc_single_image image=&#8220;38226&#8243; img_size=&#8220;large&#8220; alignment=&#8220;center&#8220;][vc_column_text]<em>35-150 mm f2-f2,8 @ 150 mm, 1\/400 Sek, f\/4,5, ISO 320<\/em>[\/vc_column_text][vc_empty_space][\/vc_column][\/vc_row][vc_row][vc_column][vc_column_text]Mit diesem Bild reisen wir nach Porto, auch wenn es ebenso gut an einem beliebigen anderen Ort dieser Welt entstanden sein k\u00f6nnte. Es klassifiziert sich daher f\u00fcr mich mehr als Streetfotografie, auch wenn es w\u00e4hrend einer meiner Reisen entstanden ist. <\/p>\n<p>Hier haben wir ein Beispiel, bei dem ich tats\u00e4chlich gewartet habe, bis sich jemand genauso durch das Bild bewegt, wie ich es mir vorgestellt habe.<\/p>\n<p>F\u00fcr meine Komposition habe ich die gelbe Linie senkrecht im Bild platziert, was gleichzeitig die Stra\u00dfenbahnschienen von links oben nach rechts unten durch das Bild laufen l\u00e4sst. Dann hie\u00df es warten, bis eine Person den Weg von unten links nach oben rechts im Bild w\u00e4hlt. Wichtig ist hier, dass die Person sich nicht auf den Schienen, sondern genau dazwischen befindet \u2013 so \u00fcberzeugt das Bild durch eine starke Linienf\u00fchrung der sich kreuzenden Stra\u00dfenbahnschienen, des gelben Strichs und des Wegs des Mannes. Die Unterbrechung der gelben Linie durch den Gullydeckel, der sich auf auch noch auf einer \u201eSchienenebene\u201c mit der Person befindet, ist f\u00fcr mich ein weiterer Hingucker.[\/vc_column_text][vc_empty_space][\/vc_column][\/vc_row][vc_row][vc_column][vc_column_text]<strong>3. Kalkutta \u2013 Die Bildaussage<\/strong>[\/vc_column_text][vc_empty_space][vc_single_image image=&#8220;38236&#8243; img_size=&#8220;large&#8220; alignment=&#8220;center&#8220;][vc_column_text]<em>35-150 mm f2-f2,8 @ 58 mm, 1\/10 Sek, f\/18, ISO 2000<\/em>[\/vc_column_text][vc_empty_space][\/vc_column][\/vc_row][vc_row][vc_column][vc_column_text]Mit diesem Bild befinden wir uns in Indien, genauer gesagt in Kalkutta.<\/p>\n<p>Als ich das Gitter mit dem Schild \u201eGO SLOW\u201c entdeckt habe, war mir klar, dass sich hier das Spiel aus Stillstand und Bewegung inszenieren m\u00f6chte, schlie\u00dflich gibt die Beschriftung schon den perfekten Hinweis darauf. Ich wollte also Bewegungsunsch\u00e4rfe mit in das Bild integrieren, weshalb ich auf einen Bus gewartet habe, der mit einer l\u00e4ngeren Belichtungszeit f\u00fcr die Bewegungsunsch\u00e4rfe sorgt. Der Bus sorgte auch daf\u00fcr, dass ein Mann an der Stra\u00dfe stehen blieb, weil er die Stra\u00dfe \u00fcberqueren wollte. Tats\u00e4chlich sorgt er mit seinem Stillstand an der Stra\u00dfe noch mal f\u00fcr einen Kontrast zu der Aussage, dass man an dieser Stelle langsam gehen soll.    <\/p>\n<p>Farblich haben wir in diesem Bild einen sch\u00f6nen Kontrast zwischen dem gr\u00fcn im oberen Bereich und dem roten Bus, das sich zuf\u00e4llig sogar im roten Hemd des Wartenden wiederfindet. Damit sich erkl\u00e4rt, woher das Gr\u00fcn im hinteren Bereich kommt, war es mir wichtig, noch einen Baumstamm mit abzubilden. Die Kontraste aus Farben, Stillstand und Bewegung, Natur und Asphaltstra\u00dfe sind es, die f\u00fcr mich dieses Bild ausmachen.[\/vc_column_text][vc_empty_space][\/vc_column][\/vc_row][vc_row][vc_column][vc_column_text]<strong>4. Varanasi \u2013 Gewusel in der fremden Stadt<\/strong>[\/vc_column_text][vc_empty_space][vc_single_image image=&#8220;38246&#8243; img_size=&#8220;large&#8220; alignment=&#8220;center&#8220;][vc_column_text]<em>20-40 mm f2,8 @ 20 mm, 1\/5 Sek, f\/14, ISO 500<\/em>[\/vc_column_text][vc_empty_space][\/vc_column][\/vc_row][vc_row][vc_column][vc_column_text]Ein weiteres Bild aus Indien. Entstanden ist es in Varanasi, einer Stadt am Ganges mit mehr als 1 Million Einwohnern. Um das Gewusel an dieser nicht gerade sehr einladenden Stra\u00dfenecke einzufangen, habe ich ein Weitwinkel gew\u00e4hlt und mich an der gegen\u00fcberliegenden Seite postiert. Obwohl ich kein Stativ dabeihatte, gelang mir die Erreichung der Bewegungsunsch\u00e4rfe durch Verwendung des Stabilisators und eine ruhige Hand. Diese erreicht man am besten, indem man beim Fotografieren die Ellenbogen gegen den K\u00f6rper st\u00fctzt und bewusst in einer Atempause fotografiert. So lassen sich l\u00e4ngere Belichtungszeiten erzielen \u2013 ein niedrigerer ISO-Wert gibt den restlichen Spielraum.     <\/p>\n<p>Die blaue Kante des Geb\u00e4udes mit den zwei Dachrinnen habe ich mittig platziert und darauf gewartet, dass sowohl rechts als auch links des Geb\u00e4udes Bewegung durch vorbeieilende Leute entsteht.[\/vc_column_text][vc_empty_space][\/vc_column][\/vc_row][vc_row][vc_column][vc_column_text]<strong>5. Varanasi \u2013 Portr\u00e4tfotografie am Fluss<\/strong>[\/vc_column_text][vc_empty_space][vc_single_image image=&#8220;38256&#8243; img_size=&#8220;large&#8220; alignment=&#8220;center&#8220;][vc_column_text]<em>35-150 mm f2-f2,8 @ 35 mm, 1\/2000 Sek, f\/3,2, ISO 1250<\/em>[\/vc_column_text][vc_empty_space][\/vc_column][\/vc_row][vc_row][vc_column][vc_column_text]Portr\u00e4ts geh\u00f6ren f\u00fcr mich zur Dokumentation einer Reise, denn die Begegnung mit den Menschen sind es, die mir wichtig sind und ich erinnere mich sp\u00e4ter gerne mit Hilfe der Portr\u00e4ts daran zur\u00fcck. Intime Portr\u00e4ts entstehen nicht, ohne dass man mit den Menschen ins Gespr\u00e4ch kommt, Vertrauen schafft und eine kurzfristige Beziehung aufbaut. <\/p>\n<p>Nat\u00fcrlich gilt in Varanasi eine Bootsfahrt entlang der Stadt auf dem Ganges als unverzichtbar und dementsprechend habe ich entlang des Flusses jemanden gesucht, der f\u00fcr so eine Tour in Frage kommt. Ich fand ihn mit dem obigen Bootsbesitzer, mit dem ich einen Termin f\u00fcr den n\u00e4chsten Morgen ausgemacht. <\/p>\n<p>Einige Stunden sp\u00e4ter am selben Tag sieht er mich etwas oberhalb der Boote w\u00e4hrend ich fotografiere. Er bittet mich auf sein Boot, um mir von dort aus bessere Bilder zu erm\u00f6glichen. Das war der Moment, in dem ich ihn um ein Portr\u00e4t gebeten habe.  <\/p>\n<p>Seine Haltung habe ich f\u00fcr das Bild nicht ver\u00e4ndert, denn mir war aufgefallen, dass er die ganze Zeit die Position in dieser Position sa\u00df hat und ich wollte ein authentisches Bild von ihm. F\u00fcr das Bild befinde ich mich auf dem Boot in gleicher H\u00f6he wie er und mir war es wichtig, sein Boot und den Fluss mit abzubilden, um gleich zu zeigen, dass diese sein Leben ausmachen. Ich sitze ihm mittig gerade gegen\u00fcber, was daf\u00fcr sorgt, dass auch die Planken gerade im Bild zu sehen sind.  <\/p>\n<p>F\u00fcr die Belichtung des Bildes habe ich mit mittenbetonter Messung auf sein Gesicht belichtet und die Belichtungszeit ein wenig verl\u00e4ngert, damit im insgesamt hellen Bild die Aufmerksamkeit wegen des Kontrasts direkt auf ihn f\u00e4llt.[\/vc_column_text][vc_empty_space][\/vc_column][\/vc_row][vc_row][vc_column][vc_column_text]<strong>6. Kalkutta \u2013 Unterwegs im Taxi<\/strong>[\/vc_column_text][vc_empty_space][vc_single_image image=&#8220;38329&#8243; img_size=&#8220;large&#8220; alignment=&#8220;center&#8220;][vc_column_text]<em>20-40 mm f2,8 @ 20 mm, 1\/100 Sek, f\/14, ISO 400<\/em>[\/vc_column_text][vc_empty_space][\/vc_column][\/vc_row][vc_row][vc_column][vc_column_text]F\u00fcr mich ist dies ebenfalls ein klassisches Reisebild, bei dem meine Reise in Indien sehr gut dokumentiert wird. Ich war in einem Taxi unterwegs und erneut haben wir im Bild eine Bewegung durch den Bus, der in entgegengesetzter Richtung unterwegs war. <\/p>\n<p>Dass mein Fahrzeug ein Taxi ist, erkennt man auf den ersten Blick am Interieur des Fahrzeugs, das im Vordergrund mit abgebildet ist. So erz\u00e4hle ich dem Betrachter gleich etwas dar\u00fcber, wie ich unterwegs war und vielleicht hat er sofort den Geruch des Auto-Innenraums in der Nase, den er mit Taxis (in Indien oder anderswo) assoziiert. <\/p>\n<p>In der Nachbearbeitung habe ich mich auf die Farbe Orange konzentriert, denn in vielen L\u00e4ndern sind Taxis orange, was leicht zur Identifizierung des Fahrzeugs beitr\u00e4gt. Dass der Bus ebenfalls Orangeanteile enth\u00e4lt, war ein gl\u00fccklicher Zufall.[\/vc_column_text][vc_empty_space][\/vc_column][\/vc_row][vc_row][vc_column][vc_column_text]<strong>7. Porto &#8211; Schattenwurf<\/strong>[\/vc_column_text][vc_empty_space][vc_single_image image=&#8220;38276&#8243; img_size=&#8220;large&#8220; alignment=&#8220;center&#8220;][vc_column_text]<em>35-150 mm f2-f2,8 @ 41 mm, 1\/120 Sek, f\/13, ISO 800<\/em>[\/vc_column_text][vc_empty_space][\/vc_column][\/vc_row][vc_row][vc_column][vc_column_text]Das Interessante f\u00fcr mich an diesem Bild aus Porto ist die gerade Hauptlinie, die durch das Gel\u00e4nder gebildet wird, sich bis in die Ferne fortsetzt und das Bild in zwei H\u00e4lften teilt. F\u00fcr die Aufnahme befand ich mich mit der Kamera direkt \u00fcber dem Gel\u00e4nder und durch die schon etwas schr\u00e4g einfallende Sonne am Nachmittag ist der Zaun dank Schattenwurf gut erkennbar. <\/p>\n<p>Auf der linken Seite geht ein Weg hinunter, auf dem Fu\u00dfweg rechts l\u00e4uft eine Person, die ebenfalls einen Schatten wirft, den Schatten des Gel\u00e4nders jedoch nicht \u00fcberlagert. Weiter hinten befindet sich eine zweite Person, die dem Bild zus\u00e4tzliche Tiefe verleiht. <\/p>\n<p>Dieses Bild funktioniert allerdings nur durch die Umwandlung in Schwarzwei\u00df, denn Farben w\u00fcrden zu sehr ablenken. So wandert der Blick durch die erzeugten Kontraste von der hellen, dreieckigen Lichtfl\u00e4che links auf dem Weg hinunter zum Gel\u00e4nder, dann hinauf zur ersten Person und abschlie\u00dfend zur zweiten Person in der Distanz. <\/p>\n<p>Bei solchen Aufnahmen empfiehlt es sich, ein wenig unterzubelichten, um einen st\u00e4rkeren Kontrast zu erzielen.[\/vc_column_text][vc_empty_space][\/vc_column][\/vc_row][vc_row][vc_column][vc_column_text]<strong>8. Siena &#8211; Schattenspiel<\/strong>[\/vc_column_text][vc_empty_space][vc_single_image image=&#8220;38339&#8243; img_size=&#8220;large&#8220; alignment=&#8220;center&#8220;][vc_column_text]<em>35-150 mm f2-f2,8 @ 35 mm, 1\/400 Sek, f\/13, ISO 250<\/em>[\/vc_column_text][vc_empty_space][\/vc_column][\/vc_row][vc_row][vc_column][vc_column_text]Dieses Schattenspiel habe ich in Italien fotografiert. Im Gegensatz zu den Bildern zuvor, bei denen ich teilweise l\u00e4ngere Zeit auf Personen im Bild gewartet habe, musste ich hier schnell handeln, damit ich das durch das Licht entstehende Dreieck ausnutzen k\u00f6nnte. Ich habe also etwas gesehen und darauf reagiert: die Kombination aus Licht und Schatten und der Frau, die sich genau im perfekten Bildbereich befindet. Der angeschnittene Fensterrahmen, der Schattenwurf entlang der senkrechten Mauer und der Rundbogen im Gem\u00e4uer gegen\u00fcber, dessen gedachte Weiterf\u00fchrung direkt auf die Frau hinweist, betonen das Motiv indem sie den Blick leiten.   <\/p>\n<p>Wichtig bei solchen Bildern ist es, dass man als Fotograf wirklich gerade zum Motiv ausgerichtet steht, damit die Perspektive nicht verzerrt wird.[\/vc_column_text][vc_empty_space][\/vc_column][\/vc_row][vc_row][vc_column][vc_column_text]<strong>9. Lissabon \u2013 Bewegung durch Zoomeffekte<\/strong>[\/vc_column_text][vc_empty_space][vc_single_image image=&#8220;38296&#8243; img_size=&#8220;large&#8220; alignment=&#8220;center&#8220;][vc_column_text]<em>35-150 mm f2-f2,8 @ 44 mm, 1\/8 Sek, f\/18, ISO 50<\/em>[\/vc_column_text][vc_empty_space][\/vc_column][\/vc_row][vc_row][vc_column][vc_column_text]Zur\u00fcck in Portugal befinden wir uns mit diesem Bild in Lissabon und die f\u00fcr diese Stadt typische Stra\u00dfenbahn habe ich hier zum Hauptmotiv meines Bildes gemacht. <\/p>\n<p>Zur\u00fcck in Portugal befinden wir uns mit diesem Bild in Lissabon und die f\u00fcr diese Stadt typische Stra\u00dfenbahn habe ich hier zum Hauptmotiv meines Bildes gemacht. Der Bewegungseffekt entsteht in diesem Fall durch eine l\u00e4ngere Belichtungszeit (ungef\u00e4hr 1\/10 Sek) und eine Drehbewegung an meinem Zoom-Objektiv. Dazu fokussiere ich zun\u00e4chst auf die Stra\u00dfenbahn und drehe dann gleichzeitig mit der Ausl\u00f6sung mit einer gleichm\u00e4\u00dfigen Bewegung am Zoom. Durch die Bewegung der Bahn und das Zoomen entsteht der Eindruck einer gro\u00dfen Geschwindigkeit und gleichzeitig der Effekt, der das Auge des Betrachters in die Bildmitte \u2013 zur Stra\u00dfenbahn \u2013 zieht.[\/vc_column_text][vc_empty_space][\/vc_column][\/vc_row][vc_row][vc_column][vc_column_text]<strong>10. Lissabon \u2013 Architektur in Wei\u00df<\/strong>[\/vc_column_text][vc_empty_space][vc_single_image image=&#8220;38359&#8243; img_size=&#8220;large&#8220; alignment=&#8220;center&#8220;][vc_column_text]<em>35-150 mm f2-f2,8 @ 35 mm, 1\/1250 Sek, f\/5,6, ISO 500<\/em>[\/vc_column_text][vc_empty_space][\/vc_column][\/vc_row][vc_row][vc_column][vc_column_text]Bei diesem Bild aus Lissabon habe ich mich wieder ganz bewusst f\u00fcr eine Schwarzwei\u00df-Umsetzung entschieden um es m\u00f6glichst zu reduzieren. Auff\u00e4llig ist, dass es nur wenige dunkle Elemente im Bild gibt, die Sonne steht recht hoch am Himmel, wodurch nur wenige Schatten entstehen und der Baum sofort ins Auge f\u00e4llt. <\/p>\n<p>Um das zu erreichen, habe ich f\u00fcr die Belichtung eine Spotmessung auf das dunkelste Element im Bild durchgef\u00fchrt: den Olivenbaum. Diesen Baum habe ich als zentralen und kraftvollsten Punkt meines Bildes gew\u00e4hlt, auf den die Linien zulaufen und dessen Struktur trotz des gro\u00dfen Kontrasts noch sichtbar sein sollte. So entstand ein fast abstraktes Bild, das eine klare Aufteilung und gerade Ausrichtung hat.   <\/p>\n<p>Zwar wird oft gepredigt, dass die Platzierung des Motivs in der Bildmitte langweilig sei, aber in diesem Fall funktioniert der Bildaufbau durch den starken Kontrast und die Linienf\u00fchrung hervorragend.[\/vc_column_text][vc_empty_space][vc_separator][vc_empty_space][vc_column_text]<strong>\u00dcber den Autor &#8211; Klaus Wohlmann<\/strong><br \/>\n[\/vc_column_text][vc_empty_space][vc_column_text]<\/p>\n<table>\n<tbody>\n<tr>\n<td style=\"padding-right: 15px;\"><strong>Website:<\/strong><\/td>\n<td><a href=\"https:\/\/www.klauswohlmann.com\/\" target=\"_blank\" rel=\"noopener\">https:\/\/www.klauswohlmann.com\/<\/a><br \/>\n<a href=\"https:\/\/www.workshop-fotografie-kw.com\/\" target=\"_blank\" rel=\"noopener\">https:\/\/www.workshop-fotografie-kw.com\/<\/a><\/td>\n<\/tr>\n<tr>\n<td style=\"padding-right: 15px;\"><strong>Email:<\/strong><\/td>\n<td><a href=\"mailto:fotografie@klauswohlmann.com\">fotografie@klauswohlmann.com<\/a><\/td>\n<\/tr>\n<tr>\n<td style=\"padding-right: 15px;\"><strong>Facebook:<\/strong><\/td>\n<td><a href=\"https:\/\/www.facebook.com\/FotoWohlmann\/\">https:\/\/www.facebook.com\/FotoWohlmann\/<\/a><\/td>\n<\/tr>\n<tr>\n<td style=\"padding-right: 15px;\"><strong>Instagram:<\/strong><\/td>\n<td><a href=\"https:\/\/www.instagram.com\/kwohlmann\/\">https:\/\/www.instagram.com\/kwohlmann\/<\/a><\/td>\n<\/tr>\n<\/tbody>\n<\/table>\n<p>[\/vc_column_text][\/vc_column][\/vc_row]<\/p>\n<\/div>","protected":false},"excerpt":{"rendered":"<p>[vc_row][vc_column][vc_column_text]Klaus Wohlmann ist Profifotograf und einer unserer Friends with Vision. Er lebt und arbeitet in K\u00f6ln und ist bereits seit 1993 ist er freischaffender Maler und Fotograf. Seine zwei gro\u00dfen Leidenschaften der Fotografie sind Reise- und Streetfotografie, zwei Genres, die sich sehr gut miteinander kombinieren lassen. Andere Bereiche der Fotografie sind nicht so umfassend, wie &hellip;<\/p>\n","protected":false},"author":3,"featured_media":38333,"comment_status":"closed","ping_status":"closed","sticky":false,"template":"","format":"standard","meta":{"_acf_changed":false,"footnotes":""},"categories":[285,244],"tags":[303],"class_list":["post-38373","post","type-post","status-publish","format-standard","has-post-thumbnail","hentry","category-blog-de","category-friends-with-vision-de","tag-klaus-wohlmann-de"],"acf":[],"_links":{"self":[{"href":"https:\/\/www.datacolor.com\/spyder\/de\/wp-json\/wp\/v2\/posts\/38373","targetHints":{"allow":["GET"]}}],"collection":[{"href":"https:\/\/www.datacolor.com\/spyder\/de\/wp-json\/wp\/v2\/posts"}],"about":[{"href":"https:\/\/www.datacolor.com\/spyder\/de\/wp-json\/wp\/v2\/types\/post"}],"author":[{"embeddable":true,"href":"https:\/\/www.datacolor.com\/spyder\/de\/wp-json\/wp\/v2\/users\/3"}],"replies":[{"embeddable":true,"href":"https:\/\/www.datacolor.com\/spyder\/de\/wp-json\/wp\/v2\/comments?post=38373"}],"version-history":[{"count":0,"href":"https:\/\/www.datacolor.com\/spyder\/de\/wp-json\/wp\/v2\/posts\/38373\/revisions"}],"wp:featuredmedia":[{"embeddable":true,"href":"https:\/\/www.datacolor.com\/spyder\/de\/wp-json\/wp\/v2\/media\/38333"}],"wp:attachment":[{"href":"https:\/\/www.datacolor.com\/spyder\/de\/wp-json\/wp\/v2\/media?parent=38373"}],"wp:term":[{"taxonomy":"category","embeddable":true,"href":"https:\/\/www.datacolor.com\/spyder\/de\/wp-json\/wp\/v2\/categories?post=38373"},{"taxonomy":"post_tag","embeddable":true,"href":"https:\/\/www.datacolor.com\/spyder\/de\/wp-json\/wp\/v2\/tags?post=38373"}],"curies":[{"name":"wp","href":"https:\/\/api.w.org\/{rel}","templated":true}]}}