{"id":40360,"date":"2024-02-09T12:57:43","date_gmt":"2024-02-09T12:57:43","guid":{"rendered":"https:\/\/dev2024.spyder.datacolor.eu\/spyder\/blog\/die-erde-abbilden\/"},"modified":"2024-02-09T12:57:49","modified_gmt":"2024-02-09T12:57:49","slug":"die-erde-abbilden","status":"publish","type":"post","link":"https:\/\/www.datacolor.com\/spyder\/de\/blog\/die-erde-abbilden\/","title":{"rendered":"Die Erde abbilden"},"content":{"rendered":"<div class=\"wpb-content-wrapper\"><p>[vc_row][vc_column][vc_column_text]Die Erde ist ein immer wichtigeres Element in meiner Naturfotografie. Damit meine ich nat\u00fcrlich nicht die Gesamtheit des Planeten selbst, sondern eher die Einbeziehung der Landschaft und der Umwelt in meine Bilder. <\/p>\n<p>Fr\u00fcher war es bei der Wildtierfotografie \u00fcblich, den Rahmen mit dem Motiv zu f\u00fcllen, es so gro\u00df wie m\u00f6glich ins Bild zu bringen und dem Betrachter einen Blick auf das Motiv zu erm\u00f6glichen, den er vielleicht nie selbst sehen w\u00fcrde.<\/p>\n<p>Die Sache ist jedoch die. W\u00e4hrend formatf\u00fcllende Fotos von Wildtieren den Charakter ihrer Motive zeigen k\u00f6nnen, verbergen sie etwas ebenso Wichtiges: die Umgebung, in der sie leben. Ihren Lebensraum. Die Erde, auf der sie sich bewegen oder von der sie umgeben sind. Dies ist ein entscheidendes Element, das die Szene und die Sprache des Bildes bestimmen kann. Ganz zu schweigen vom gr\u00f6\u00dferen Bild der Umwelt und davon, wie schnell wir weltweit die Orte zerst\u00f6ren, an denen viele der Wildtiere leben. Der Verlust von Lebensr\u00e4umen ist sehr real.     <\/p>\n<p>Aber um diesen Artikel etwas positiver zu gestalten, wollen wir uns ansehen, wie die Umgebung, in der diese Tiere leben, dem Bild etwas hinzuf\u00fcgen kann, was bei einem Portr\u00e4t aus der N\u00e4he fehlt.[\/vc_column_text][vc_empty_space][vc_single_image image=&#8220;40329&#8243; img_size=&#8220;large&#8220; alignment=&#8220;center&#8220;][vc_empty_space][vc_column_text]Leoparden geh\u00f6ren zu den Tieren, die ich am liebsten fotografiere. Sie verbringen einen Gro\u00dfteil ihrer Zeit damit, sich im Schutz von dichten B\u00fcschen oder in Baumkronen zu verstecken. Dieses Weibchen haben wir kurz nach Sonnenuntergang fotografiert. Das letzte Licht des Tages spiegelte sich in den Wolken und warf ein wunderbares weiches, warmes Licht auf die Szene. Der Leopard war gerade von einem Termitenh\u00fcgel herabgestiegen und lief durch langes Gras, bevor er auf dem Weg zu dichterem Buschwerk eine offene Stelle \u00fcberqueren musste. W\u00e4hrend der Leopard selbst ein wunderbares Motiv ist, w\u00fcrde ein enges Portr\u00e4t den Himmel und das Gras verlieren. Wir w\u00fcrden die Verbindung zur Anmutung des Bildes und das Gef\u00fchl verlieren, dass ein Leopard aus der Deckung dieses wunderbar langen Grases auftaucht.[\/vc_column_text][vc_empty_space][vc_single_image image=&#8220;40339&#8243; img_size=&#8220;large&#8220; alignment=&#8220;center&#8220;][vc_empty_space][vc_column_text]Die Einbeziehung der Landschaft kann auch dazu beitragen, der Szene ein echtes Gef\u00fchl von Gr\u00f6\u00dfe zu geben. Krauskopfpelikane haben eine Heimat im Kerkini-See in Griechenland, wo der See vor der Kulisse wundersch\u00f6ner schneebedeckter Berge liegt. Durch die Verkleinerung des Bildausschnitts und die Verwendung eben dieser Berge als Hauptschwerpunkt im Bild werden wir st\u00e4rker in die Weite der Szene hineingezogen. Die Umgebung des Pelikans erh\u00e4lt dadurch eine gewisse Gr\u00f6\u00dfe, und dank des Schnees auf den Bergen kann man auch die winterlichen Temperaturen erahnen.[\/vc_column_text][vc_empty_space][vc_single_image image=&#8220;40318&#8243; img_size=&#8220;large&#8220; alignment=&#8220;center&#8220;][vc_empty_space][vc_column_text]Ein \u00e4hnliches Gef\u00fchl von Gr\u00f6\u00dfe vermittelt dieses Bild von Basst\u00f6lpeln in Hermaness, Schottland. Die Kolonie befindet sich vor dieser beeindruckend gro\u00dfen Klippenwand, an der unten das Meer an die Felsen kracht. Die schiere Anzahl der V\u00f6gel, die durch den Himmel fliegen, ist an sich schon beeindruckend, aber mit einem einzelnen Vogel, der im Flug eingefangen wurde, w\u00e4re das Bild v\u00f6llig verloren. Um die Kolonie wirklich zu w\u00fcrdigen, m\u00fcssen wir einen Schritt zur\u00fccktreten oder herauszoomen, um die Gro\u00dfartigkeit der Szene in ihrer Gesamtheit zu genie\u00dfen.[\/vc_column_text][vc_empty_space][vc_single_image image=&#8220;40349&#8243; img_size=&#8220;large&#8220; alignment=&#8220;center&#8220;][vc_empty_space][vc_column_text]Subtiler als die Darstellung einer beeindruckenden Landschaft kann auch nur die Andeutung der Umgebung wirken, wie bei diesem Bild eines Seeadlers vor der K\u00fcste von Hokkaido, Japan. Es ist zwar subtil, aber wenn man \u00fcber den Grundgedanken hinwegsehen kann, dass es sich nur um einen Vogel handelt, der auf dem Eis sitzt, ist das Eis ein Schl\u00fcsselelement des Bildes und vermittelt die kalten Bedingungen, unter denen diese V\u00f6gel gedeihen. Auch dies w\u00fcrde in einem Portr\u00e4tausschnitt einfach verloren gehen.  <\/p>\n<p>Die Schwierigkeit beim Fotografieren von Wildtieren liegt darin, dass die gesamte Szene fotogen sein muss. Bei einem Portr\u00e4t muss das Tier gut aussehen, und das war&#8217;s auch schon. Wenn man jedoch die Umgebung mit einbezieht, muss auch diese gut aussehen, kompositorisch ber\u00fccksichtigt werden, angenehm beleuchtet sein und mehr als nur eine Nebenrolle im Bild spielen. Sie muss das gesamte Bild erg\u00e4nzen. Je mehr Elemente im Bild zusammenpassen m\u00fcssen, desto schwieriger kann es sein, ein Bild zu gestalten. Aber wenn es Ihnen gelingt, wird Ihr Bild Ihnen daf\u00fcr danken. Portr\u00e4ts werden in der Wildtierfotografie immer ihren Platz haben \u2013 sie vermitteln Charakter und Pers\u00f6nlichkeit. Wenn Sie wirklich Abwechslung und eine andere Art von Wirkung in Ihre Bilder bringen wollen, um die Motive zu erg\u00e4nzen und dem Betrachter zu zeigen, wo und wie diese Tiere leben, und unter welchen Bedingungen Sie sie fotografieren mussten, sollten Sie an das gro\u00dfe Ganze denken. Denken Sie an die Erde.        <\/p>\n<p>Richard Peters<br \/>\n<a href=\"https:\/\/www.richardpeters.co.uk\" target=\"_blank\" rel=\"noopener\">www.richardpeters.co.uk<\/a>[\/vc_column_text][\/vc_column][\/vc_row]<\/p>\n<\/div>","protected":false},"excerpt":{"rendered":"<p>[vc_row][vc_column][vc_column_text]Die Erde ist ein immer wichtigeres Element in meiner Naturfotografie. Damit meine ich nat\u00fcrlich nicht die Gesamtheit des Planeten selbst, sondern eher die Einbeziehung der Landschaft und der Umwelt in meine Bilder. Fr\u00fcher war es bei der Wildtierfotografie \u00fcblich, den Rahmen mit dem Motiv zu f\u00fcllen, es so gro\u00df wie m\u00f6glich ins Bild zu bringen &hellip;<\/p>\n","protected":false},"author":3,"featured_media":40312,"comment_status":"closed","ping_status":"closed","sticky":false,"template":"","format":"standard","meta":{"_acf_changed":false,"footnotes":""},"categories":[285,244],"tags":[352],"class_list":["post-40360","post","type-post","status-publish","format-standard","has-post-thumbnail","hentry","category-blog-de","category-friends-with-vision-de","tag-richard-peters-de"],"acf":[],"_links":{"self":[{"href":"https:\/\/www.datacolor.com\/spyder\/de\/wp-json\/wp\/v2\/posts\/40360","targetHints":{"allow":["GET"]}}],"collection":[{"href":"https:\/\/www.datacolor.com\/spyder\/de\/wp-json\/wp\/v2\/posts"}],"about":[{"href":"https:\/\/www.datacolor.com\/spyder\/de\/wp-json\/wp\/v2\/types\/post"}],"author":[{"embeddable":true,"href":"https:\/\/www.datacolor.com\/spyder\/de\/wp-json\/wp\/v2\/users\/3"}],"replies":[{"embeddable":true,"href":"https:\/\/www.datacolor.com\/spyder\/de\/wp-json\/wp\/v2\/comments?post=40360"}],"version-history":[{"count":0,"href":"https:\/\/www.datacolor.com\/spyder\/de\/wp-json\/wp\/v2\/posts\/40360\/revisions"}],"wp:featuredmedia":[{"embeddable":true,"href":"https:\/\/www.datacolor.com\/spyder\/de\/wp-json\/wp\/v2\/media\/40312"}],"wp:attachment":[{"href":"https:\/\/www.datacolor.com\/spyder\/de\/wp-json\/wp\/v2\/media?parent=40360"}],"wp:term":[{"taxonomy":"category","embeddable":true,"href":"https:\/\/www.datacolor.com\/spyder\/de\/wp-json\/wp\/v2\/categories?post=40360"},{"taxonomy":"post_tag","embeddable":true,"href":"https:\/\/www.datacolor.com\/spyder\/de\/wp-json\/wp\/v2\/tags?post=40360"}],"curies":[{"name":"wp","href":"https:\/\/api.w.org\/{rel}","templated":true}]}}