{"id":40855,"date":"2024-02-12T10:22:23","date_gmt":"2024-02-12T10:22:23","guid":{"rendered":"https:\/\/dev2024.spyder.datacolor.eu\/spyder\/blog\/fragen-an-conny-mueller\/"},"modified":"2024-02-12T10:22:27","modified_gmt":"2024-02-12T10:22:27","slug":"fragen-an-conny-mueller","status":"publish","type":"post","link":"https:\/\/www.datacolor.com\/spyder\/de\/blog\/fragen-an-conny-mueller\/","title":{"rendered":"Fragen an Conny M\u00fcller"},"content":{"rendered":"<div class=\"wpb-content-wrapper\"><p>[vc_row][vc_column][vc_column_text]<strong>Wann und wie sind Sie zur Fotografie gekommen?<\/strong><\/p>\n<p>Zur Kommunion 1962 habe ich meine erste analoge Kamera bekommen. Seitdem hat mich das Thema nicht mehr losgelassen. Besonders interessant wurde die Fotografie f\u00fcr mich, als ich meine Themen Grafik\/Malerei und Fotografie durch die Digitalisierung verbinden konnte.[\/vc_column_text][vc_empty_space][vc_single_image image=&#8220;40621&#8243; img_size=&#8220;large&#8220; alignment=&#8220;center&#8220;][vc_empty_space][vc_column_text]<strong>Betreiben Sie die Fotografie als Hobby oder verdienen Sie Ihren Lebensunterhalt damit?<\/strong><\/p>\n<p>Fotografie ist zwar nach wie vor mein liebstes Hobby, aber dank zahlreich gewonnener Fotowettbewerbe einiger Zeitungsberichte und Ver\u00f6ffentlichungen in der Fotocommunity oder auf Facebook werde ich immer wieder gebeten, Bilder zur Verf\u00fcgung zu stellen oder ganze Fotoreportagen zu erstellen. Diese Auftr\u00e4ge nehme ich nat\u00fcrlich gerne an.[\/vc_column_text][vc_empty_space][vc_single_image image=&#8220;40631&#8243; img_size=&#8220;large&#8220; alignment=&#8220;center&#8220;][vc_empty_space][vc_column_text]<strong>Wie und wo ist dieses von Ihnen zum Fotowettbewerb eingereichte Bild entstanden? Gibt es eine Geschichte dazu? <\/strong><\/p>\n<p>Dieses romantische Motiv entstand bei einem traumhaften Spaziergang durch einen duftenden Lavendelgarten. Die junge Dame hegt eine ganz besondere Zuneigung zu unserem Podenco Kalli, was sich in dieser unbeschwerten Umarmung widerspiegelt. Wir genossen die Pause in der Natur und lie\u00dfen die beiden spielen. Im Nachhinein habe ich die Lavendel-Optik im Hintergrund mithilfe von Photoshop etwas \u201everdichtet\u201c.[\/vc_column_text][vc_empty_space][\/vc_column][\/vc_row][vc_row][vc_column width=&#8220;1\/2&#8243;][vc_single_image image=&#8220;40641&#8243; img_size=&#8220;large&#8220; alignment=&#8220;center&#8220;][vc_empty_space][\/vc_column][vc_column width=&#8220;1\/2&#8243;][vc_single_image image=&#8220;40651&#8243; img_size=&#8220;large&#8220; alignment=&#8220;center&#8220;][vc_empty_space][\/vc_column][\/vc_row][vc_row][vc_column][vc_column_text]<strong>Wer und\/oder was inspiriert Sie am meisten?<\/strong><\/p>\n<p>Mich inspiriert vor allem die Welt um mich herum. Ich liebe es, neue Dinge zu entdecken zu reisen und Menschen und Natur kennenzulernen. Dabei lasse ich mich gerne von den kleinen Momenten des Alltags inspirieren. Ein L\u00e4cheln, ein Blick, eine Geste \u2013 all das kann ein spannendes Motiv sein. Ich habe viel freie Zeit zum Nachdenken und mich umzuschauen. Das ist wichtig f\u00fcr mich, um den richtigen Moment zu finden. Ich beobachte Menschen und spreche mit ihnen, um ihre Geschichten zu erfahren. Das hilft mir, die Welt und auch Landschaften und Tiere aus einer anderen Perspektive zu sehen und neue Ideen zu entwickeln. Ich bin davon \u00fcberzeugt, dass Fotografie mehr ist als nur das Festhalten eines Moments. Sie kann auch ein Mittel sein, um Emotionen zu vermitteln und Geschichten zu erz\u00e4hlen.[\/vc_column_text][vc_empty_space][\/vc_column][\/vc_row][vc_row][vc_column width=&#8220;1\/2&#8243;][vc_single_image image=&#8220;40661&#8243; img_size=&#8220;large&#8220; alignment=&#8220;center&#8220;][vc_empty_space][\/vc_column][vc_column width=&#8220;1\/2&#8243;][vc_single_image image=&#8220;40671&#8243; img_size=&#8220;large&#8220; alignment=&#8220;center&#8220;][vc_empty_space][\/vc_column][\/vc_row][vc_row][vc_column][vc_column_text]<strong>Wo liegen Ihre fotografischen Schwerpunkte?<\/strong><\/p>\n<p>Als Fotografin bin ich ein neugieriges Wesen. Mich interessiert einfach alles, was mit Fotografie zu tun hat. Von Landschaftsaufnahmen \u00fcber Portr\u00e4ts bis hin zu abstrakter Kunst \u2013 ich bin offen f\u00fcr alles. Ich kann mich sehr schlecht f\u00fcr ein Fachgebiet alleine begeistern. Daf\u00fcr ist die Fotografie zu vielseitig und ver\u00e4ndert sich tagt\u00e4glich. Immer wieder entdecke ich neue Techniken und M\u00f6glichkeiten, die ich ausprobieren m\u00f6chte. Zur Zeit inspirieren mich Dinge aus der KI wie generative F\u00fcllungen etc. Ich bin immer auf der Suche nach neuen Herausforderungen und Inspirationen. Die Fotografie ist f\u00fcr mich eine Art Lebensphilosophie. Sie hilft mir, die Welt um mich herum zu sehen und zu verstehen.[\/vc_column_text][vc_empty_space][\/vc_column][\/vc_row][vc_row][vc_column width=&#8220;1\/2&#8243;][vc_single_image image=&#8220;40681&#8243; img_size=&#8220;large&#8220; alignment=&#8220;center&#8220;][vc_empty_space][\/vc_column][vc_column width=&#8220;1\/2&#8243;][vc_single_image image=&#8220;40691&#8243; img_size=&#8220;large&#8220; alignment=&#8220;center&#8220;][vc_empty_space][\/vc_column][\/vc_row][vc_row][vc_column][vc_column_text]<strong>Was ist Ihr n\u00e4chstes fotografisches Projekt, Ihre n\u00e4chste Herausforderung?<\/strong><\/p>\n<p>Anfang n\u00e4chsten Jahres m\u00f6chte ich gerne eine Reise machen, das war in den letzten Jahren aus verschiedenen Gr\u00fcnden nicht m\u00f6glich.[\/vc_column_text][vc_empty_space][\/vc_column][\/vc_row][vc_row][vc_column width=&#8220;1\/2&#8243;][vc_single_image image=&#8220;40701&#8243; img_size=&#8220;large&#8220; alignment=&#8220;center&#8220;][vc_empty_space][\/vc_column][vc_column width=&#8220;1\/2&#8243;][vc_single_image image=&#8220;40711&#8243; img_size=&#8220;large&#8220; alignment=&#8220;center&#8220;][vc_empty_space][\/vc_column][\/vc_row][vc_row][vc_column][vc_column_text]<strong>Welche Rolle spielt Farbmanagement in Ihrem fotografischen Workflow?<\/strong><\/p>\n<p>Da ich ein bekennender Farbenfan bin, nat\u00fcrlich eine sehr gro\u00dfe Rolle![\/vc_column_text][vc_empty_space][\/vc_column][\/vc_row][vc_row][vc_column width=&#8220;1\/2&#8243;][vc_single_image image=&#8220;40721&#8243; img_size=&#8220;large&#8220; alignment=&#8220;center&#8220;][vc_empty_space][\/vc_column][vc_column width=&#8220;1\/2&#8243;][vc_single_image image=&#8220;40731&#8243; img_size=&#8220;large&#8220; alignment=&#8220;center&#8220;][vc_empty_space][\/vc_column][\/vc_row][vc_row][vc_column][vc_column_text]<strong>Was machen Sie mit Ihren entstandenen Bildern, werden sie z.B. gedruckt, erstellen Sie ein Fotobuch, posten Sie sie in sozialen Netzwerken und auf Ihrer Website oder bleiben Sie einfach nur auf der Festplatte Ihres Rechners? <\/strong><\/p>\n<p>Ein uneingeschr\u00e4nktes JA zu allen o.g. Aktivit\u00e4ten. Details siehe unten. Dar\u00fcber hinaus ist unser Haus (Blaues Haus in Essen) ein beliebter Treffpunkt f\u00fcr K\u00fcnstler und Freunde.[\/vc_column_text][vc_empty_space][\/vc_column][\/vc_row][vc_row][vc_column width=&#8220;1\/2&#8243;][vc_single_image image=&#8220;40741&#8243; img_size=&#8220;large&#8220; alignment=&#8220;center&#8220;][vc_empty_space][\/vc_column][vc_column width=&#8220;1\/2&#8243;][vc_single_image image=&#8220;40751&#8243; img_size=&#8220;large&#8220; alignment=&#8220;center&#8220;][vc_empty_space][\/vc_column][\/vc_row][vc_row][vc_column][vc_column_text]<strong>Was m\u00f6chten Sie fotografisch erreichen, wovon tr\u00e4umen Sie? <\/strong><\/p>\n<p>Mein gr\u00f6\u00dfter Traum ist es, mit meinen Bildern Menschen zu ber\u00fchren und sie dazu inspirieren, die Welt mit neuen Augen zu sehen. Ich m\u00f6chte, dass meine Bilder einen bleibenden Eindruck hinterlassen und dass die Menschen sich mit ihnen identifizieren k\u00f6nnen. Um diesen Traum zu verwirklichen, m\u00f6chte ich meine Bekanntheit noch steigern. Ich m\u00f6chte, dass meine Bilder von mehr Menschen gesehen werden. Ich m\u00f6chte Ausstellungen machen und meine Bilder in Magazinen und B\u00fcchern ver\u00f6ffentlichen.[\/vc_column_text][vc_empty_space][\/vc_column][\/vc_row][vc_row][vc_column width=&#8220;1\/2&#8243;][vc_single_image image=&#8220;40761&#8243; img_size=&#8220;large&#8220; alignment=&#8220;center&#8220;][vc_empty_space][\/vc_column][vc_column width=&#8220;1\/2&#8243;][vc_single_image image=&#8220;40771&#8243; img_size=&#8220;large&#8220; alignment=&#8220;center&#8220;][vc_empty_space][\/vc_column][\/vc_row][vc_row][vc_column][vc_separator][vc_empty_space][vc_row_inner][vc_column_inner width=&#8220;1\/4&#8243;][vc_single_image image=&#8220;40781&#8243; img_size=&#8220;large&#8220; alignment=&#8220;center&#8220;][vc_empty_space][\/vc_column_inner][vc_column_inner width=&#8220;3\/4&#8243;][vc_column_text]<strong>\u00dcber den Autor &#8211; Conny M\u00fcller<\/strong><\/p>\n<p>Jeder Bereich der Fotografie hat seinen Reiz, seine Herausforderung und seine Zeit. Au\u00dfergew\u00f6hnliche fotografische Ideen und Experimente interessieren mich besonders. Das Fotografieren ist f\u00fcr mich eine Sache, die Bildbearbeitung eine ganz andere. Jetzt kommen noch Erg\u00e4nzungen oder Erweiterungen durch Photoshop KI hinzu. Die Ausgangsbasis sind f\u00fcr mich aber immer meine Fotos. Wenn alle M\u00f6glichkeiten abgewogen sind, wird es f\u00fcr mich ein Ganzes und erst dann erf\u00fcllt sich f\u00fcr mich meine Idee und manchmal bin ich dann mit meinem Foto zufrieden.     Mein Interesse gilt der Architektur, besonders bei Nacht (wenn es dann noch die Industriekultur des Ruhrgebiets ist, bl\u00fche ich richtig auf), den Menschen, bei der Arbeit und in individueller Aktion, nicht inszeniert, sondern nat\u00fcrlich, der Natur (besonders mit dem Makro), meinen Reisen (da schlage ich gerne zwei Fliegen mit einer Klappe). Ach ja, Farben ziehen mich immer magisch an, was nicht hei\u00dft, dass ich nicht schon das eine oder andere Schwarz-Wei\u00df-Motiv gemacht habe. Eigentlich ist f\u00fcr mich alles, was eine interessante Geschichte hat, einen Ausl\u00f6ser wert.[\/vc_column_text][vc_empty_space][vc_column_text]<\/p>\n<table>\n<tbody>\n<tr>\n<td style=\"padding-right: 15px;\"><strong>Website:<\/strong><\/td>\n<td><a href=\"https:\/\/www.kunst-im-blauen-haus.de\" target=\"_blank\" rel=\"noopener\">https:\/\/www.kunst-im-blauen-haus.de<\/a><\/td>\n<\/tr>\n<tr>\n<td style=\"padding-right: 15px;\"><strong>Facebook:<\/strong><\/td>\n<td><a href=\"https:\/\/www.facebook.com\/conny.muller.9809672\/\" target=\"_blank\" rel=\"noopener\">https:\/\/www.facebook.com\/conny.muller.9809672\/<\/a><\/td>\n<\/tr>\n<tr>\n<td style=\"padding-right: 15px;\"><strong>fotocommunity:<\/strong><\/td>\n<td><a href=\"https:\/\/www.fotocommunity.de\/fotografin\/conny-mueller\/518600\">https:\/\/www.fotocommunity.de\/fotografin\/conny-mueller\/518600<\/a><\/td>\n<\/tr>\n<\/tbody>\n<\/table>\n<p>[\/vc_column_text][\/vc_column_inner][\/vc_row_inner][\/vc_column][\/vc_row]<\/p>\n<\/div>","protected":false},"excerpt":{"rendered":"<p>[vc_row][vc_column][vc_column_text]Wann und wie sind Sie zur Fotografie gekommen? Zur Kommunion 1962 habe ich meine erste analoge Kamera bekommen. Seitdem hat mich das Thema nicht mehr losgelassen. Besonders interessant wurde die Fotografie f\u00fcr mich, als ich meine Themen Grafik\/Malerei und Fotografie durch die Digitalisierung verbinden konnte.[\/vc_column_text][vc_empty_space][vc_single_image image=&#8220;40621&#8243; img_size=&#8220;large&#8220; alignment=&#8220;center&#8220;][vc_empty_space][vc_column_text]Betreiben Sie die Fotografie als Hobby oder verdienen &hellip;<\/p>\n","protected":false},"author":3,"featured_media":40615,"comment_status":"closed","ping_status":"closed","sticky":false,"template":"","format":"standard","meta":{"_acf_changed":false,"footnotes":""},"categories":[285],"tags":[360],"class_list":["post-40855","post","type-post","status-publish","format-standard","has-post-thumbnail","hentry","category-blog-de","tag-conny-muller-de"],"acf":[],"_links":{"self":[{"href":"https:\/\/www.datacolor.com\/spyder\/de\/wp-json\/wp\/v2\/posts\/40855","targetHints":{"allow":["GET"]}}],"collection":[{"href":"https:\/\/www.datacolor.com\/spyder\/de\/wp-json\/wp\/v2\/posts"}],"about":[{"href":"https:\/\/www.datacolor.com\/spyder\/de\/wp-json\/wp\/v2\/types\/post"}],"author":[{"embeddable":true,"href":"https:\/\/www.datacolor.com\/spyder\/de\/wp-json\/wp\/v2\/users\/3"}],"replies":[{"embeddable":true,"href":"https:\/\/www.datacolor.com\/spyder\/de\/wp-json\/wp\/v2\/comments?post=40855"}],"version-history":[{"count":0,"href":"https:\/\/www.datacolor.com\/spyder\/de\/wp-json\/wp\/v2\/posts\/40855\/revisions"}],"wp:featuredmedia":[{"embeddable":true,"href":"https:\/\/www.datacolor.com\/spyder\/de\/wp-json\/wp\/v2\/media\/40615"}],"wp:attachment":[{"href":"https:\/\/www.datacolor.com\/spyder\/de\/wp-json\/wp\/v2\/media?parent=40855"}],"wp:term":[{"taxonomy":"category","embeddable":true,"href":"https:\/\/www.datacolor.com\/spyder\/de\/wp-json\/wp\/v2\/categories?post=40855"},{"taxonomy":"post_tag","embeddable":true,"href":"https:\/\/www.datacolor.com\/spyder\/de\/wp-json\/wp\/v2\/tags?post=40855"}],"curies":[{"name":"wp","href":"https:\/\/api.w.org\/{rel}","templated":true}]}}