{"id":24051,"date":"2023-04-17T12:31:30","date_gmt":"2023-04-17T12:31:30","guid":{"rendered":"https:\/\/new.spyder.datacolor.eu\/spyder\/blog\/color\/"},"modified":"2023-04-25T15:42:24","modified_gmt":"2023-04-25T15:42:24","slug":"color","status":"publish","type":"post","link":"https:\/\/www.datacolor.com\/spyder\/fr\/blog\/color\/","title":{"rendered":"Couleur"},"content":{"rendered":"<div class=\"wpb-content-wrapper\"><p>[vc_row][vc_column][vc_column_text]En tant que photographe commercial sp\u00e9cialis\u00e9 dans les aliments et les boissons, la couleur est essentielle \u00e0 mon travail, et particuli\u00e8rement en ce moment, o\u00f9 la tendance va vers une publicit\u00e9 tr\u00e8s graphique.<\/p>\n<p>Croyez-le ou non, mais 99,99\u202f% des photographies que je visualise dans mon esprit sont en noir et blanc, et ce alors que je ne travaille plus vraiment ainsi aujourd\u2019hui. J\u2019exerce le m\u00e9tier de photographe commercial sp\u00e9cialis\u00e9 dans les aliments et les boissons, et la vaste majorit\u00e9 de mon travail doit donc \u00eatre en couleur. Heureusement, cela correspond aussi \u00e0 mes pr\u00e9f\u00e9rences personnelles, m\u00eame si choisir les bonnes couleur me demande un peu plus de temps.<br \/>\n[\/vc_column_text][vc_empty_space][vc_single_image image=\u00a0\u00bb14780&Prime; img_size=\u00a0\u00bblarge\u00a0\u00bb alignment=\u00a0\u00bbcenter\u00a0\u00bb][vc_empty_space][vc_column_text]Ces derni\u00e8res ann\u00e9es, j\u2019ai travaill\u00e9 avec mon agent pour me cr\u00e9er un portfolio inspir\u00e9 d\u2019artistes comme David\u202fHockney ou Andy\u202fWarhol. J\u2019aime beaucoup utiliser des couleurs vives et des compositions r\u00e9p\u00e9titives. Je n\u2019ai jamais \u00e9t\u00e9 attir\u00e9 par les tons pastel ou fades. M\u00eame quand je travaillais en noir et blanc, j\u2019appr\u00e9ciais les compositions simples aux contrastes tr\u00e8s \u00e9lev\u00e9s. Et en couleur, j\u2019aime que mes rouges soient vraiment rouges, imprim\u00e9s sur un papier glac\u00e9 qui donne l\u2019impression d\u2019\u00eatre encore humide. J\u2019ai \u00e9galement un relation tr\u00e8s libre avec la r\u00e9alit\u00e9, qu\u2019il s\u2019agisse du sujet, de la composition ou de la couleur (mais je vais y revenir).<br \/>\n[\/vc_column_text][vc_empty_space][vc_row_inner][vc_column_inner width=\u00a0\u00bb1\/2&Prime;][vc_single_image image=\u00a0\u00bb14812&Prime; img_size=\u00a0\u00bblarge\u00a0\u00bb alignment=\u00a0\u00bbcenter\u00a0\u00bb][vc_empty_space][\/vc_column_inner][vc_column_inner width=\u00a0\u00bb1\/2&Prime;][vc_single_image image=\u00a0\u00bb14772&Prime; img_size=\u00a0\u00bblarge\u00a0\u00bb alignment=\u00a0\u00bbcenter\u00a0\u00bb][vc_empty_space][\/vc_column_inner][\/vc_row_inner][vc_column_text]Lorsque nous apprenons \u00e0 travailler les couleurs, nous choisissons souvent des contrastes sur la roue chromatique pour communiquer une \u00e9nergie visuelle instantan\u00e9e. Ces victoires sont \u00ab\u202ffaciles\u202f\u00bb. Et si je les appr\u00e9cie, je crois malgr\u00e9 tout que le vrai plaisir r\u00e9side dans le jeu avec les conflits de couleurs, dans l\u2019ajout de variations subtiles \u00e0 une seule et m\u00eame teinte ou, comme je l\u2019ai fait r\u00e9cemment, dans la conception d\u2019images monochromes, o\u00f9 le sujet et le d\u00e9cor offrent des tons identiques. Pour y parvenir, j\u2019utilise souvent des peintures assorties au produit, que j\u2019applique au d\u00e9cor. J\u2019appr\u00e9cie particuli\u00e8rement les images rouge sur rouge.<br \/>\n[\/vc_column_text][vc_empty_space][vc_row_inner][vc_column_inner width=\u00a0\u00bb1\/2&Prime;][vc_single_image image=\u00a0\u00bb14804&Prime; img_size=\u00a0\u00bblarge\u00a0\u00bb alignment=\u00a0\u00bbcenter\u00a0\u00bb][vc_empty_space][\/vc_column_inner][vc_column_inner width=\u00a0\u00bb1\/2&Prime;][vc_single_image image=\u00a0\u00bb14796&Prime; img_size=\u00a0\u00bblarge\u00a0\u00bb alignment=\u00a0\u00bbcenter\u00a0\u00bb][vc_empty_space][\/vc_column_inner][\/vc_row_inner][vc_column_text]\u00c9tant donn\u00e9e la nature de mon travail, mon workflow est assez sp\u00e9cifique. J\u2019utilise la m\u00eame approche en 3\u202f\u00e9tapes dans mon travail commercial et dans mon travail personnel, jusqu\u2019\u00e0 la post-production. La premi\u00e8re \u00e9tape est la pr\u00e9production. Elle peut inclure des \u00e9l\u00e9ments complexes comme l\u2019implication d\u2019une \u00e9quipe de cr\u00e9atifs et de stylistes, ou consister simplement en une visite dans un magasin d\u2019arts cr\u00e9atifs pour trouver le papier de couleur donc j\u2019ai besoin. \u00c0 cette \u00e9tape, il est tr\u00e8s important de bien planifier ce que je veux photographier et les couleurs que je veux utiliser.<br \/>\n[\/vc_column_text][vc_empty_space][vc_row_inner][vc_column_inner width=\u00a0\u00bb1\/2&Prime;][vc_single_image image=\u00a0\u00bb14820&Prime; img_size=\u00a0\u00bblarge\u00a0\u00bb alignment=\u00a0\u00bbcenter\u00a0\u00bb][vc_empty_space][\/vc_column_inner][vc_column_inner width=\u00a0\u00bb1\/2&Prime;][vc_single_image image=\u00a0\u00bb14756&Prime; img_size=\u00a0\u00bblarge\u00a0\u00bb alignment=\u00a0\u00bbcenter\u00a0\u00bb][vc_empty_space][\/vc_column_inner][\/vc_row_inner][vc_column_text]La phase suivante est celle de la capture. Elle commence g\u00e9n\u00e9ralement \u00e0 huit heures du matin, lorsque j\u2019\u00e9talonne la station de travail de mon studio et les moniteurs Ben\u202fQ de mon bureau \u00e0 l\u2019aide de mon SpyderX. Pendant que les moniteurs chauffent, je commence \u00e0 travailler sur le d\u00e9cor avec mon \u00e9quipe. J\u2019utilise un Cambo\u202fActus et des objectifs Sekor sur un bo\u00eetier Canon\u202f5dsr pour mon travail personnel, ce qui me permet d\u2019obtenir une profondeur de champ incroyable dans les angles les plus \u00e9tranges tout en conservant une image aussi nette que possible. J\u2019utilise des projecteurs Broncolor pour obtenir des couleurs optimales, et j\u2019ins\u00e8re toujours une mire de couleurs dans mon cadre.<br \/>\n[\/vc_column_text][vc_empty_space][vc_row_inner][vc_column_inner width=\u00a0\u00bb1\/2&Prime;][vc_single_image image=\u00a0\u00bb14836&Prime; img_size=\u00a0\u00bblarge\u00a0\u00bb alignment=\u00a0\u00bbcenter\u00a0\u00bb][vc_empty_space][\/vc_column_inner][vc_column_inner width=\u00a0\u00bb1\/2&Prime;][vc_single_image image=\u00a0\u00bb14764&Prime; img_size=\u00a0\u00bblarge\u00a0\u00bb alignment=\u00a0\u00bbcenter\u00a0\u00bb][vc_empty_space][\/vc_column_inner][\/vc_row_inner][vc_column_text]La derni\u00e8re partie de la prise de vue est \u00e9galement la premi\u00e8re partie de ma post-production. Il est tr\u00e8s important pour moi d\u2019avoir des couleurs pr\u00e9cises avant de me lancer dans la post-production elle-m\u00eame. Pour certaines missions commerciales, je dois garantir une reproduction des couleurs aussi parfaite que possible, pour des raisons l\u00e9gales. Et dans mon travail personnel, je trouve bien plus simple de commencer avec les bonnes couleurs avant de jouer avec elles, ce qui m\u2019\u00e9vite de partir du mauvais pied et de me perdre dans les changements de teintes. J\u2019aime effectuer ce travail dans mon bureau, o\u00f9 mon moniteur est plac\u00e9 \u00e0 une hauteur et \u00e0 une distance parfaites. Mes murs sont gris sombre et ma lampe de bureau est sp\u00e9cialement choisie pour permettre un contraste aussi neutre que possible sur mon moniteur. Je dois pouvoir \u00eatre s\u00fbr que ce que je vois sur mon moniteur est aussi proche que possible de l\u2019aspect final de l\u2019image, une fois imprim\u00e9e. Non seulement les photos seront exactement telles que je les vois, mais j\u2019\u00e9conomiserais \u00e9galement du temps et de l\u2019argent en m\u2019\u00e9vitant les retouches et en garantissant un r\u00e9sultat rapide, efficace et r\u00e9ussi.<br \/>\n[\/vc_column_text][vc_empty_space][vc_single_image image=\u00a0\u00bb14788&Prime; img_size=\u00a0\u00bblarge\u00a0\u00bb alignment=\u00a0\u00bbcenter\u00a0\u00bb][vc_empty_space][vc_column_text]L\u2019avenir du marketing visuel passe clairement par les \u00e9crans, du panneau d\u2019affichage en point de vente jusqu\u2019au t\u00e9l\u00e9phone sur lequel vous lisez probablement ces mots. Bien comprendre le r\u00f4le que joue la couleur pour capter l\u2019attention demeurera donc un aspect capital du m\u00e9tier de photographe.<\/p>\n<p>[\/vc_column_text][\/vc_column][\/vc_row]<\/p>\n<\/div>","protected":false},"excerpt":{"rendered":"<p>[vc_row][vc_column][vc_column_text]En tant que photographe commercial sp\u00e9cialis\u00e9 dans les aliments et les boissons, la couleur est essentielle \u00e0 mon travail, et particuli\u00e8rement en ce moment, o\u00f9 la tendance va vers une publicit\u00e9 tr\u00e8s graphique. Croyez-le ou non, mais 99,99\u202f% des photographies que je visualise dans mon esprit sont en noir et blanc, et ce alors que &hellip;<\/p>\n","protected":false},"author":3,"featured_media":14830,"comment_status":"closed","ping_status":"closed","sticky":false,"template":"","format":"standard","meta":{"_acf_changed":false,"footnotes":""},"categories":[284],"tags":[],"class_list":["post-24051","post","type-post","status-publish","format-standard","has-post-thumbnail","hentry","category-blog-fr"],"acf":[],"_links":{"self":[{"href":"https:\/\/www.datacolor.com\/spyder\/fr\/wp-json\/wp\/v2\/posts\/24051","targetHints":{"allow":["GET"]}}],"collection":[{"href":"https:\/\/www.datacolor.com\/spyder\/fr\/wp-json\/wp\/v2\/posts"}],"about":[{"href":"https:\/\/www.datacolor.com\/spyder\/fr\/wp-json\/wp\/v2\/types\/post"}],"author":[{"embeddable":true,"href":"https:\/\/www.datacolor.com\/spyder\/fr\/wp-json\/wp\/v2\/users\/3"}],"replies":[{"embeddable":true,"href":"https:\/\/www.datacolor.com\/spyder\/fr\/wp-json\/wp\/v2\/comments?post=24051"}],"version-history":[{"count":0,"href":"https:\/\/www.datacolor.com\/spyder\/fr\/wp-json\/wp\/v2\/posts\/24051\/revisions"}],"wp:featuredmedia":[{"embeddable":true,"href":"https:\/\/www.datacolor.com\/spyder\/fr\/wp-json\/wp\/v2\/media\/14830"}],"wp:attachment":[{"href":"https:\/\/www.datacolor.com\/spyder\/fr\/wp-json\/wp\/v2\/media?parent=24051"}],"wp:term":[{"taxonomy":"category","embeddable":true,"href":"https:\/\/www.datacolor.com\/spyder\/fr\/wp-json\/wp\/v2\/categories?post=24051"},{"taxonomy":"post_tag","embeddable":true,"href":"https:\/\/www.datacolor.com\/spyder\/fr\/wp-json\/wp\/v2\/tags?post=24051"}],"curies":[{"name":"wp","href":"https:\/\/api.w.org\/{rel}","templated":true}]}}