{"id":41029,"date":"2024-03-13T17:57:55","date_gmt":"2024-03-13T17:57:55","guid":{"rendered":"https:\/\/dev2024.spyder.datacolor.eu\/spyder\/blog\/coup-de-projecteur-sur-andy-ferrer\/"},"modified":"2024-03-22T10:24:13","modified_gmt":"2024-03-22T10:24:13","slug":"coup-de-projecteur-sur-andy-ferrer","status":"publish","type":"post","link":"https:\/\/www.datacolor.com\/spyder\/fr\/blog\/coup-de-projecteur-sur-andy-ferrer\/","title":{"rendered":"Pleins feux sur &#8211; Andy Farrer"},"content":{"rendered":"<div class=\"wpb-content-wrapper\"><p>[vc_row][vc_column][vc_column_text]<strong>Comment avez-vous d\u00e9but\u00e9 dans la photographie ?<\/strong><\/p>\n<p>Enfant, j&rsquo;aimais me promener sur les plages et visiter les r\u00e9serves naturelles. J&#8217;emportais toujours un appareil photo. Mon lyc\u00e9e disposait d&rsquo;un labo et mon professeur d&rsquo;arts plastiques \u00e9tait passionn\u00e9 par la photographie. Il m&rsquo;a toujours encourag\u00e9 \u00e0 poursuivre cette activit\u00e9 et a \u00e9t\u00e9, pour moi, une immense source d&rsquo;inspiration. Il m&rsquo;autorisait \u00e0 utiliser la chambre noire lors de mes pauses et \u00e0 l&rsquo;heure du d\u00e9jeuner, et il m&rsquo;a inscrit \u00e0 l&rsquo;\u00e9preuve de photographie, qui m&rsquo;a valu la meilleure note que j&rsquo;aie jamais eue ! Le portfolio que je m&rsquo;\u00e9tais construit \u00e9tait assez solide pour me valoir une place au sein de la prestigieuse \u00e9cole qu&rsquo;on appelle aujourd&rsquo;hui The Arts Institute \u00e0 Bournemouth. J&rsquo;ai obtenu mon dipl\u00f4me au d\u00e9but des ann\u00e9es 90, avant de travailler dans la photo, dans divers r\u00f4les : magasin, studio, labo&#8230; Les mariages et les portraits n&rsquo;\u00e9taient certes pas ma passion, mais c&rsquo;est \u00e0 cette \u00e9poque que j&rsquo;ai achet\u00e9 mon premier \u00e9quipement informatique \u2013 ordinateur, scanner, imprimante \u2013 et que j&rsquo;ai commenc\u00e9 \u00e0 restaurer num\u00e9riquement de vieilles photos (avec la version 2 de Photoshop) et \u00e0 les imprimer.[\/vc_column_text][vc_empty_space][vc_single_image image=\u00a0\u00bb40955&Prime; img_size=\u00a0\u00bblarge\u00a0\u00bb alignment=\u00a0\u00bbcenter\u00a0\u00bb][vc_empty_space][vc_column_text]<strong>Quel type de photographie prenez-vous et qu&rsquo;est-ce qui vous a motiv\u00e9 \u00e0 vous concentrer sur ce genre ?<\/strong><\/p>\n<p>J&rsquo;ai fini par trouver ma vraie passion lorsque j&rsquo;ai commenc\u00e9 \u00e0 m&rsquo;int\u00e9resser s\u00e9rieusement \u00e0 la photo de paysages. C&rsquo;est \u00e0 ce moment-l\u00e0 que je suis pass\u00e9 au num\u00e9rique et que j&rsquo;ai appris le traitement RAW avec la premi\u00e8re version d&rsquo;Adobe Lightroom. J&rsquo;ai ador\u00e9 la libert\u00e9 et la cr\u00e9ativit\u00e9 que me permettait le traitement num\u00e9rique. Cela m&rsquo;a rendu plus accro que jamais.[\/vc_column_text][vc_empty_space][vc_single_image image=\u00a0\u00bb40965&Prime; img_size=\u00a0\u00bblarge\u00a0\u00bb alignment=\u00a0\u00bbcenter\u00a0\u00bb][vc_empty_space][vc_column_text]<strong>Quel a \u00e9t\u00e9 le plus grand accomplissement ou le plus grand obstacle que vous ayez rencontr\u00e9 dans votre parcours ?<\/strong><\/p>\n<p>Mon premier v\u00e9ritable accomplissement a \u00e9t\u00e9 de remporter une cat\u00e9gorie du prix International Garden Photographer of the Year 2012. J&rsquo;ai ensuite gagn\u00e9 le grand prix Landscape Photographer of the Year en 2015. Ces r\u00e9ussites, et quelques autres depuis, m&rsquo;ont pouss\u00e9 \u00e0 continuer. Elles m&rsquo;ont motiv\u00e9 \u00e0 former les autres sur tous les aspects de la photographie, du traitement et de l&rsquo;impression.[\/vc_column_text][vc_empty_space][vc_single_image image=\u00a0\u00bb40975&Prime; img_size=\u00a0\u00bblarge\u00a0\u00bb alignment=\u00a0\u00bbcenter\u00a0\u00bb][vc_empty_space][vc_column_text]<strong>Par qui ou par quoi \u00eates-vous le plus inspir\u00e9 ?<\/strong><\/p>\n<p>Je suis constamment inspir\u00e9 par la m\u00e9t\u00e9o, les paysages et leurs changements. Les variations de couleurs saisonni\u00e8res me fascinent. Et avec l&rsquo;\u00e9mergence des r\u00e9seaux sociaux, la demande en images est en constante augmentation. Je m&rsquo;inspire du travail de mes amis ou de parfaits inconnus ; mais il est fondamental pour moi d&rsquo;avoir mon propre style, ma propre direction.[\/vc_column_text][vc_empty_space][vc_single_image image=\u00a0\u00bb40985&Prime; img_size=\u00a0\u00bblarge\u00a0\u00bb alignment=\u00a0\u00bbcenter\u00a0\u00bb][vc_empty_space][vc_column_text]<strong>Quelle est votre d\u00e9marche ? Existe-t-il un aspect que vous cherchez \u00e0 r\u00e9aliser lors de vos prises de vue (par exemple, cr\u00e9er certaines \u00e9motions, etc.), ou y a-t-il des techniques sp\u00e9cifiques que vous utilisez ? <\/strong><\/p>\n<p>Mon premier objectif est de susciter une r\u00e9ponse \u00e9motionnelle gr\u00e2ce \u00e0 mes images. Je m&rsquo;efforce de ne pas avoir de formule, et j&rsquo;aime changer de technique pour m&rsquo;adapter aux conditions et profiter au mieux de la lumi\u00e8re, du lieu et du moment. Il est tr\u00e8s important d&rsquo;\u00eatre en empathie avec la sc\u00e8ne pour pouvoir la transmettre parfaitement en deux dimensions. J&rsquo;imprime mon travail. Je prends donc en compte l&rsquo;aspect que la sc\u00e8ne aura sur papier d\u00e8s la prise de vue. Cela peut avoir une influence sur la composition et la capture.[\/vc_column_text][vc_empty_space][vc_single_image image=\u00a0\u00bb40995&Prime; img_size=\u00a0\u00bblarge\u00a0\u00bb alignment=\u00a0\u00bbcenter\u00a0\u00bb][vc_empty_space][vc_column_text]<strong>Pourquoi la pr\u00e9cision des couleurs est-elle importante dans votre travail ?<\/strong><\/p>\n<p>M\u00eame lorsque j&rsquo;\u00e9tudiais \u00e0 l&rsquo;\u00e9cole des arts, j&rsquo;\u00e9tais pointilleux sur les couleurs et j&rsquo;aimais vraiment faire en sorte que les choses soient \u00ab\u00a0parfaites\u00a0\u00bb.<br \/>\nJ&rsquo;ai trouv\u00e9 les produits Spyder extr\u00eamement utiles dans ce domaine.<br \/>\nJ&rsquo;utilise Spyder Checkr qui a un pr\u00e9r\u00e9glage HSL que je peux charger et appliquer \u00e0 toute ma s\u00e9rie d&rsquo;images, via Lightroom, et j&rsquo;utilise <a href=\"https:\/\/spyderx.datacolor.com\/#utm_source=https%3A%2F%2Fwww.datacolor.com%2Fphotography-design%2Facademy%2Ffriends-with-vision%2Fspotlight-on-andy-ferrer%2F&amp;utm_medium=blogpost&amp;utm_campaign=EMA%20UK_IMS_SpBlog-0300_SpBlog_blogpost_unpaid_Mrz%202020&amp;utm_c\" target=\"_blank\" rel=\"noopener\">SpyderX<\/a> pour calibrer les couleurs de mes moniteurs.   Lorsque je traite des fichiers RAW, il est extr\u00eamement important de disposer d&rsquo;un flux de travail pr\u00e9cis en mati\u00e8re de gestion des couleurs pour me permettre de cr\u00e9er la bonne ambiance pour mon image finale.<br \/>\nEn outre, le fait de disposer de profils de couleurs personnalis\u00e9s pour les papiers sur lesquels j&rsquo;imprime me permet d&rsquo;effectuer un \u00e9preuvage \u00e0 froid pr\u00e9cis de mes images, ce qui r\u00e9duit le gaspillage d&rsquo;encre et de papier.[\/vc_column_text][vc_empty_space][vc_single_image image=\u00a0\u00bb41005&Prime; img_size=\u00a0\u00bblarge\u00a0\u00bb alignment=\u00a0\u00bbcenter\u00a0\u00bb][vc_empty_space][vc_column_text]<strong>Des conseils ou des astuces pour les photographes qui d\u00e9butent leur carri\u00e8re ?<\/strong><\/p>\n<p>Je leur sugg\u00e9rerais tout d&rsquo;abord d&rsquo;apprendre les bases. Utilisez le mode manuel de vote appareil et essayez de comprendre la relation entre l&rsquo;ouverture, la vitesse et l&rsquo;ISO. \u00c9tudiez attentivement les images qui vous ont pouss\u00e9 \u00e0 prendre un appareil photo. Essayez de rep\u00e9rer ce qui, dans ces images, vous enthousiasme. Est-ce le lieu ? La lumi\u00e8re ? La saison ? La composition ?    <\/p>\n<p>Identifiez ces \u00e9l\u00e9ments et planifiez en cons\u00e9quence. Utilisez des applications pour d\u00e9terminer le moment de la journ\u00e9e ou de l&rsquo;ann\u00e9e qui vous permettront de r\u00e9unir l&rsquo;ensemble de ces composantes. Plongez-vous dans les pr\u00e9visions m\u00e9t\u00e9o, et partez \u00e0 l&rsquo;aventure. M\u00eame lorsque vous ma\u00eetrisez parfaitement l&rsquo;art de l&rsquo;\u00e9dition, une bonne composition et une bonne lumi\u00e8re restent des ingr\u00e9dients indispensables. Vous vous remercierez plus tard, lorsque vos talents de retouche se seront am\u00e9lior\u00e9s et que vous pourrez retravailler sur ces vieilles images.[\/vc_column_text][vc_empty_space][vc_single_image image=\u00a0\u00bb41015&Prime; img_size=\u00a0\u00bblarge\u00a0\u00bb alignment=\u00a0\u00bbcenter\u00a0\u00bb][vc_empty_space][vc_separator][vc_empty_space][\/vc_column][\/vc_row][vc_row][vc_column width=\u00a0\u00bb1\/4&Prime;][vc_single_image image=\u00a0\u00bb40935&Prime; img_size=\u00a0\u00bblarge\u00a0\u00bb alignment=\u00a0\u00bbcenter\u00a0\u00bb][vc_empty_space][\/vc_column][vc_column width=\u00a0\u00bb3\/4&Prime;][vc_column_text]<strong>\u00c0 propos de l&rsquo;auteur &#8211; Andy Farrer<\/strong><\/p>\n<p>Andy est un photographe professionnel sp\u00e9cialis\u00e9 dans les paysages, un formateur en photographie et un sp\u00e9cialiste de l&rsquo;impression d&rsquo;art. Il organise des workshops au Royaume-Uni et \u00e0 l\u2019\u00e9tranger. Bas\u00e9 sur l&#8217;embl\u00e9matique c\u00f4te jurassique du Dorset, au Royaume-Uni, Andy a de nombreux paysages \u00e0 proximit\u00e9 pour se livrer \u00e0 sa passion : explorer la nature. Il est connu pour ses compositions soigneusement \u00e9quilibr\u00e9es et pour son attention d\u00e9licate aux couleurs et aux tonalit\u00e9s. Il s&rsquo;efforce de transmettre l&rsquo;essence m\u00eame des sc\u00e8nes qu&rsquo;il photographie, pour que le spectateur puisse se sentir comme s&rsquo;il avait \u00e9t\u00e9 avec lui sur place. Andy a gagn\u00e9 le prestigieux titre de Landscape Photographer of the Year en 2015.<\/p>\n<p>Type de photographie : Photographie de paysages[\/vc_column_text][vc_empty_space][vc_column_text]<\/p>\n<table>\n<tbody>\n<tr>\n<td style=\"padding-right: 15px;\"><strong>Website:<\/strong><\/td>\n<td><a href=\"https:\/\/www.andyfarrer.co.uk\" target=\"_blank\" rel=\"noopener\">https:\/\/www.andyfarrer.co.uk<\/a><br \/>\n<a href=\"https:\/\/www.fineartinkorporated.co.uk\" target=\"_blank\" rel=\"noopener\">https:\/\/www.fineartinkorporated.co.uk<\/a><\/td>\n<\/tr>\n<tr>\n<td style=\"padding-right: 15px;\"><strong>Email:<\/strong><\/td>\n<td><a href=\"mailto:sales@andyfarrer.co.uk\" target=\"_blank\" rel=\"noopener\">sales@andyfarrer.co.uk<\/a><\/td>\n<\/tr>\n<tr>\n<td style=\"padding-right: 15px;\"><strong>Facebook:<\/strong><\/td>\n<td><a href=\"https:\/\/www.facebook.com\/andyfarrerphoto\/\" target=\"_blank\" rel=\"noopener\">@andyfarrerphoto<\/a><\/td>\n<\/tr>\n<tr>\n<td style=\"padding-right: 15px;\"><strong>Instagram:<\/strong><\/td>\n<td><a href=\"https:\/\/www.instagram.com\/andyfarrerphoto\/\">@andyfarrerphoto<\/a><\/td>\n<\/tr>\n<tr>\n<td style=\"padding-right: 15px;\"><strong>Twitter :<\/strong><\/td>\n<td><a href=\"https:\/\/twitter.com\/andyfarrerphoto\">@andyfarrerphoto<\/a><\/td>\n<\/tr>\n<\/tbody>\n<\/table>\n<p>[\/vc_column_text][\/vc_column][\/vc_row]<\/p>\n<\/div>","protected":false},"excerpt":{"rendered":"<p>[vc_row][vc_column][vc_column_text]Comment avez-vous d\u00e9but\u00e9 dans la photographie ? Enfant, j&rsquo;aimais me promener sur les plages et visiter les r\u00e9serves naturelles. J&#8217;emportais toujours un appareil photo. Mon lyc\u00e9e disposait d&rsquo;un labo et mon professeur d&rsquo;arts plastiques \u00e9tait passionn\u00e9 par la photographie. Il m&rsquo;a toujours encourag\u00e9 \u00e0 poursuivre cette activit\u00e9 et a \u00e9t\u00e9, pour moi, une immense source &hellip;<\/p>\n","protected":false},"author":3,"featured_media":40948,"comment_status":"closed","ping_status":"closed","sticky":false,"template":"","format":"standard","meta":{"_acf_changed":false,"footnotes":""},"categories":[284,243],"tags":[370],"class_list":["post-41029","post","type-post","status-publish","format-standard","has-post-thumbnail","hentry","category-blog-fr","category-friends-with-vision-fr","tag-andy-farrer-fr"],"acf":[],"_links":{"self":[{"href":"https:\/\/www.datacolor.com\/spyder\/fr\/wp-json\/wp\/v2\/posts\/41029","targetHints":{"allow":["GET"]}}],"collection":[{"href":"https:\/\/www.datacolor.com\/spyder\/fr\/wp-json\/wp\/v2\/posts"}],"about":[{"href":"https:\/\/www.datacolor.com\/spyder\/fr\/wp-json\/wp\/v2\/types\/post"}],"author":[{"embeddable":true,"href":"https:\/\/www.datacolor.com\/spyder\/fr\/wp-json\/wp\/v2\/users\/3"}],"replies":[{"embeddable":true,"href":"https:\/\/www.datacolor.com\/spyder\/fr\/wp-json\/wp\/v2\/comments?post=41029"}],"version-history":[{"count":0,"href":"https:\/\/www.datacolor.com\/spyder\/fr\/wp-json\/wp\/v2\/posts\/41029\/revisions"}],"wp:featuredmedia":[{"embeddable":true,"href":"https:\/\/www.datacolor.com\/spyder\/fr\/wp-json\/wp\/v2\/media\/40948"}],"wp:attachment":[{"href":"https:\/\/www.datacolor.com\/spyder\/fr\/wp-json\/wp\/v2\/media?parent=41029"}],"wp:term":[{"taxonomy":"category","embeddable":true,"href":"https:\/\/www.datacolor.com\/spyder\/fr\/wp-json\/wp\/v2\/categories?post=41029"},{"taxonomy":"post_tag","embeddable":true,"href":"https:\/\/www.datacolor.com\/spyder\/fr\/wp-json\/wp\/v2\/tags?post=41029"}],"curies":[{"name":"wp","href":"https:\/\/api.w.org\/{rel}","templated":true}]}}