{"id":43051,"date":"2024-05-09T15:29:12","date_gmt":"2024-05-09T15:29:12","guid":{"rendered":"https:\/\/dev2024.spyder.datacolor.eu\/spyder\/blog\/le-phare-de-pemaquid-point-lun-de-mes-endroits-preferes-et-limpact-des-saisons-et-des-conditions-sur-mon-travail\/"},"modified":"2024-05-09T15:29:15","modified_gmt":"2024-05-09T15:29:15","slug":"le-phare-de-pemaquid-point-lun-de-mes-endroits-preferes-et-limpact-des-saisons-et-des-conditions-sur-mon-travail","status":"publish","type":"post","link":"https:\/\/www.datacolor.com\/spyder\/fr\/blog\/le-phare-de-pemaquid-point-lun-de-mes-endroits-preferes-et-limpact-des-saisons-et-des-conditions-sur-mon-travail\/","title":{"rendered":"Le phare de Pemaquid Point \u2013 L\u2019un de mes endroits pr\u00e9f\u00e9r\u00e9s, et l\u2019impact des saisons et des conditions sur mon travail"},"content":{"rendered":"<div class=\"wpb-content-wrapper\"><p>[vc_row][vc_column][vc_column_text]<em>Par David Long<\/em>[\/vc_column_text][vc_empty_space][vc_single_image image=\u00a0\u00bb42985&Prime; img_size=\u00a0\u00bblarge\u00a0\u00bb alignment=\u00a0\u00bbcenter\u00a0\u00bb][vc_empty_space][vc_column_text]<\/p>\n<p style=\"text-align: center;\"><strong>Donn\u00e9es EXIF :<\/strong> Distance focale : 22 mm, Ouverture : f\/10, ISO : 100, Balance des blancs : 6500 K, Exposition : 0,8 secondes<br \/>\n<strong>Conditions : <\/strong> Filtre : aucun, Mois : juillet, Heure : 4:39, Direction de prise de vue : nord-est<\/p>\n<p>[\/vc_column_text][vc_empty_space][vc_column_text]Le Maine est c\u00e9l\u00e8bre pour ses phares. Du Cap Neddick (Nubble) au sud jusqu&rsquo;\u00e0 West Quoddy sur la fronti\u00e8re canadienne, en passant par Portland Head, tout proche de la plus grande ville de l\u2019\u00c9tat, cet endroit est un vrai r\u00eave pour n\u2019importe quel photographe de paysages. Un littoral rocheux, une m\u00e9t\u00e9o changeante : il y a toujours une image incroyable \u00e0 capturer.  <\/p>\n<p>Si vous n\u2019\u00eates pas originaire de Nouvelle-Angleterre, vous ne connaissez peut-\u00eatre pas mon phare pr\u00e9f\u00e9r\u00e9 : Pemaquid Point. Ce n\u2019est pas le plus c\u00e9l\u00e8bre, mais il accueille tout de m\u00eame 100 000 visiteurs chaque ann\u00e9e et a \u00e9lu pour repr\u00e9senter l\u2019\u00e9tat sur la pi\u00e8ce de 25 cents con\u00e7ue par l\u2019US Mint pour rendre hommage au Maine. Selon une l\u00e9gende locale rapport\u00e9e par Northeast Magazine, si vous buvez dans la flaque qu\u2019on voit ici au premier plan, vos mains se transformeront en pinces de homards et vos pupilles en Whoopie Pies.  <\/p>\n<p>D\u2019o\u00f9 vient cette popularit\u00e9 ? Le phare n\u2019est pas sp\u00e9cialement haut (il ne mesure que 12 m\u00e8tres) et son aspect n\u2019a rien d\u2019unique (il est blanc, sans spirale ni rayures). Mais son cadre exceptionnel, sur une corniche rocheuse au-dessus de l\u2019Atlantique, attire l\u2019\u0153il. La c\u00f4te du Maine est riche en falaises spectaculaires, mais celle-ci reste malgr\u00e9 tout particuli\u00e8re. La pierre y fait alterner les couleurs dans des courbes presque kal\u00e9idoscopiques. Et pour ne rien g\u00e2cher, ces falaises sont abruptes mais praticable et totalement accessibles. Enfin, la situation du phare \u00e0 la pointe de la p\u00e9ninsule de Pemaquid lui fait conna\u00eetre des changements m\u00e9t\u00e9orologiques rapides et fr\u00e9quents. Si vous ajoutez \u00e0 cela le passage des saisons, vous obtenez une combinaison infinie de levers de soleils, de ciels clairs et sombres, de bancs de brouillards, de neige, etc.<\/p>\n<p>[\/vc_column_text][vc_empty_space][vc_single_image image=\u00a0\u00bb42995&Prime; img_size=\u00a0\u00bblarge\u00a0\u00bb alignment=\u00a0\u00bbcenter\u00a0\u00bb][vc_empty_space][vc_column_text]<\/p>\n<p style=\"text-align: center;\"><strong>Donn\u00e9es EXIF :<\/strong> Distance focale : 65 mm, Ouverture : f\/8, ISO : 100, Balance des blancs : 5300 K, Exposition : 1\/200 s<br \/>\n<strong>Conditions :<\/strong> Filtre : aucun, Mois : f\u00e9vrier, Heure : 11:22, Direction de prise de vue : sud-est<\/p>\n<p>[\/vc_column_text][vc_empty_space][vc_column_text]\u00c0 votre arriv\u00e9e dans le parc du phare de Pemaquid, vous ne pouvez pas vraiment voir ce qui vous attend. Le phare, le r\u00e9servoir d\u2019huile et le clocher sont cach\u00e9s par la maison du gardien, et les falaises et l\u2019oc\u00e9an sont hors de vue. Lors de ma premi\u00e8re visite, je suis arriv\u00e9 \u00e0 deux heures du matin pour photographier les \u00e9toiles. Sans lune, j\u2019\u00e9tais incapable de voir le bord, car l\u2019endroit est l\u2019un des plus sombres du Maine. Entre la fin du mois de f\u00e9vrier et la mi-octobre, l\u2019orientation du phare permet des prises de vue vers le sud pour capturer la Voie Lact\u00e9e.   <\/p>\n<p>Et si la photo est prise en plein \u00e9t\u00e9 (comme c\u2019est le cas ici), vous pouvez profiter d\u2019une phare dans son enti\u00e8ret\u00e9 en gardant le centre de notre galaxie dans votre image, sur la gauche. Il est possible d\u2019\u00e9viter la lumi\u00e8re aveuglante du phare en couvrant et d\u00e9couvrant l\u2019objectif en s\u00e9quences de deux et six secondes sur une dur\u00e9e d\u2019exposition de vingt-cinq secondes. Vous ne capturerez ainsi que la lumi\u00e8re ambiante et les quelques lumi\u00e8res du parking au fond du cadre.<\/p>\n<p>[\/vc_column_text][vc_empty_space][vc_single_image image=\u00a0\u00bb43005&Prime; img_size=\u00a0\u00bblarge\u00a0\u00bb alignment=\u00a0\u00bbcenter\u00a0\u00bb][vc_empty_space][vc_column_text]<\/p>\n<p style=\"text-align: center;\"><strong>Donn\u00e9es EXIF : <\/strong> Distance focale : 14 mm, Ouverture : f\/2.8, ISO : 4000, Balance des blancs : 3400 K, Exposition : 25 secondes<br \/>\n<strong>Conditions : <\/strong> Filtre : aucun, Mois : juillet, Heure : 2:00, Direction de prise de vue : sud<\/p>\n<p>[\/vc_column_text][vc_empty_space][vc_column_text]Aux premi\u00e8re lueurs de l\u2019aube vous pouvez vous frayer un chemin vers les falaises et chercher d\u2019autres compositions int\u00e9grant les structures rocheuses, les flaques et les petites mares. Si vous y \u00eates en \u00e9t\u00e9, vous pourrez peut-\u00eatre profiter d\u2019un lever ou d\u2019un coucher de soleil. L\u2019endroit offre en effet des angles de vue qui vont de l\u2019est\/nord-est jusqu&rsquo;\u00e0 l\u2019ouest\/nord-ouest. Et vous vous retrouverez souvent allong\u00e9 sur les rochers pour capturer les lignes et les reflets qui font tout l\u2019int\u00e9r\u00eat de cet endroit. [\/vc_column_text][vc_empty_space][vc_single_image image=\u00a0\u00bb43015&Prime; img_size=\u00a0\u00bblarge\u00a0\u00bb alignment=\u00a0\u00bbcenter\u00a0\u00bb][vc_empty_space][vc_column_text]<\/p>\n<p style=\"text-align: center;\"><strong>Donn\u00e9es EXIF : <\/strong> Distance focale : 21 mm, Ouverture : f\/13, ISO : 100, Balance des blancs : 6400 K, Exposition : 1\/4 s<br \/>\n<strong>Conditions : <\/strong> Filtre : GND, Mois : juillet, Heure : 5:15, Direction de prise de vue : nord-est<\/p>\n<p>[\/vc_column_text][vc_empty_space][vc_column_text]Ma derni\u00e8re visite \u00e9tait en hiver. Les rochers \u00e9taient totalement praticables, avec tr\u00e8s peu de verglas. Au bord de l\u2019oc\u00e9an, les temp\u00eates hivernales sont souvent pluvieuses et les temp\u00e9ratures de descendent pas en-dessous de z\u00e9ro. Mais un b\u00e2ton de marche et des micro-crampons peut malgr\u00e9 tout s\u2019av\u00e9rer utiles. Le soleil \u00e9tant au sud, les d\u00e9buts de matin\u00e9es et les fins d\u2019apr\u00e8s-midi d\u2019hiver offrent une lumi\u00e8re douce qui met en valeur les fissures et les crevasses dans les rochers. Vous pouvez litt\u00e9ralement passer des heures \u00e0 chercher des compositions. Et si vous avez la chance de vous y rendre apr\u00e8s des chutes de neige, vous profiterez de contrastes extraordinaires et d\u2019une grande vari\u00e9t\u00e9 de points de vue entre la texture des rochers et les nombreuses mares form\u00e9es par les pr\u00e9cipitations. Les deux choix sont excellents. [\/vc_column_text][vc_empty_space][vc_single_image image=\u00a0\u00bb43025&Prime; img_size=\u00a0\u00bblarge\u00a0\u00bb alignment=\u00a0\u00bbcenter\u00a0\u00bb][vc_empty_space][vc_column_text]<\/p>\n<p style=\"text-align: center;\"><strong>Donn\u00e9es EXIF :<\/strong>Distance focale : 24 mm, Ouverture : f\/10, ISO : 100, Balance des blancs : 5300 K, Exposition : 1\/125 s<br \/>\n<strong>Conditions :<\/strong> Filtre : aucun, Mois : f\u00e9vrier, Heure : 12:33, Direction de prise de vue : nord<\/p>\n<p>[\/vc_column_text][vc_empty_space][vc_single_image image=\u00a0\u00bb43035&Prime; img_size=\u00a0\u00bblarge\u00a0\u00bb alignment=\u00a0\u00bbcenter\u00a0\u00bb][vc_empty_space][vc_column_text]<\/p>\n<p style=\"text-align: center;\"><strong>Donn\u00e9es EXIF :<\/strong>Distance focale : 24 mm, Ouverture : f\/10, ISO : 100, Balance des blancs : 5300 K, Exposition : 1\/125 s<br \/>\n<strong>Conditions :<\/strong> Filtre : aucun, Mois : f\u00e9vrier, Heure : 12:33, Direction de prise de vue : nord<\/p>\n<p>[\/vc_column_text][vc_empty_space][vc_column_text]Alors, si vous visitez un jour la c\u00f4te du Maine entre Boothbay et Camden, n\u2019h\u00e9sitez pas \u00e0 visiter la pointe de la p\u00e9ninsule de Pemaquid. Vous y trouverez mon phare pr\u00e9f\u00e9r\u00e9, qui est \u00e9galement celui de nombreux Mainois. [\/vc_column_text][\/vc_column][\/vc_row]<\/p>\n<\/div>","protected":false},"excerpt":{"rendered":"<p>[vc_row][vc_column][vc_column_text]Par David Long[\/vc_column_text][vc_empty_space][vc_single_image image=\u00a0\u00bb42985&Prime; img_size=\u00a0\u00bblarge\u00a0\u00bb alignment=\u00a0\u00bbcenter\u00a0\u00bb][vc_empty_space][vc_column_text] Donn\u00e9es EXIF : Distance focale : 22 mm, Ouverture : f\/10, ISO : 100, Balance des blancs : 6500 K, Exposition : 0,8 secondes Conditions : Filtre : aucun, Mois : juillet, Heure : 4:39, Direction de prise de vue : nord-est [\/vc_column_text][vc_empty_space][vc_column_text]Le Maine est c\u00e9l\u00e8bre pour ses phares. &hellip;<\/p>\n","protected":false},"author":3,"featured_media":43018,"comment_status":"closed","ping_status":"closed","sticky":false,"template":"","format":"standard","meta":{"_acf_changed":false,"footnotes":""},"categories":[284,243],"tags":[391],"class_list":["post-43051","post","type-post","status-publish","format-standard","has-post-thumbnail","hentry","category-blog-fr","category-friends-with-vision-fr","tag-david-long-fr"],"acf":[],"_links":{"self":[{"href":"https:\/\/www.datacolor.com\/spyder\/fr\/wp-json\/wp\/v2\/posts\/43051","targetHints":{"allow":["GET"]}}],"collection":[{"href":"https:\/\/www.datacolor.com\/spyder\/fr\/wp-json\/wp\/v2\/posts"}],"about":[{"href":"https:\/\/www.datacolor.com\/spyder\/fr\/wp-json\/wp\/v2\/types\/post"}],"author":[{"embeddable":true,"href":"https:\/\/www.datacolor.com\/spyder\/fr\/wp-json\/wp\/v2\/users\/3"}],"replies":[{"embeddable":true,"href":"https:\/\/www.datacolor.com\/spyder\/fr\/wp-json\/wp\/v2\/comments?post=43051"}],"version-history":[{"count":0,"href":"https:\/\/www.datacolor.com\/spyder\/fr\/wp-json\/wp\/v2\/posts\/43051\/revisions"}],"wp:featuredmedia":[{"embeddable":true,"href":"https:\/\/www.datacolor.com\/spyder\/fr\/wp-json\/wp\/v2\/media\/43018"}],"wp:attachment":[{"href":"https:\/\/www.datacolor.com\/spyder\/fr\/wp-json\/wp\/v2\/media?parent=43051"}],"wp:term":[{"taxonomy":"category","embeddable":true,"href":"https:\/\/www.datacolor.com\/spyder\/fr\/wp-json\/wp\/v2\/categories?post=43051"},{"taxonomy":"post_tag","embeddable":true,"href":"https:\/\/www.datacolor.com\/spyder\/fr\/wp-json\/wp\/v2\/tags?post=43051"}],"curies":[{"name":"wp","href":"https:\/\/api.w.org\/{rel}","templated":true}]}}