{"id":48642,"date":"2024-09-17T08:06:08","date_gmt":"2024-09-17T08:06:08","guid":{"rendered":"https:\/\/dev2024.spyder.datacolor.eu\/spyder\/blog\/photo-olympique-entretien-avec-le-photographe-olympique-jeff-cable\/"},"modified":"2024-09-17T08:06:20","modified_gmt":"2024-09-17T08:06:20","slug":"photo-olympique-entretien-avec-le-photographe-olympique-jeff-cable","status":"publish","type":"post","link":"https:\/\/www.datacolor.com\/spyder\/fr\/blog\/photo-olympique-entretien-avec-le-photographe-olympique-jeff-cable\/","title":{"rendered":"Photo olympique\u202f: entretien avec le photographe olympique Jeff Cable"},"content":{"rendered":"<div class=\"wpb-content-wrapper\"><p>[vc_row][vc_column][vc_column_text css=\u00a0\u00bb\u00a0\u00bb]Photographe professionnel et contributeur Friend with Vision Datacolor, Jeff Cable travaille r\u00e9guli\u00e8rement sur ses projets personnels et pour des clients commerciaux. Il organise \u00e9galement des exp\u00e9ditions photographiques aux \u00c9tats-Unis et dans le monde entier. Mais il est surtout connu pour les photos qu\u2019il prend pour le Comit\u00e9 olympique am\u00e9ricain. Il a ainsi couvert les huit derni\u00e8res olympiades \u00e0 P\u00e9kin, Vancouver, Londres, Sotchi, Rio, Pyeongchang, Tokyo et, tout r\u00e9cemment, Paris. Jeff a accept\u00e9 de partager certaines de ses impressions avec nous, ainsi que des photos exceptionnelles captur\u00e9es \u00e0 l\u2019occasion des Jeux olympiques de Paris 2024. [\/vc_column_text][vc_empty_space][vc_row_inner][vc_column_inner][vc_single_image image=\u00a0\u00bb48568&Prime; img_size=\u00a0\u00bblarge\u00a0\u00bb alignment=\u00a0\u00bbcenter\u00a0\u00bb][vc_empty_space][vc_column_text css=\u00a0\u00bb\u00a0\u00bb]<strong>Vous avez une solide exp\u00e9rience des Jeux olympiques\u202f; aviez-vous des attentes particuli\u00e8res en arrivant \u00e0 Paris\u202f? Si oui, quelles \u00e9taient-elles\u202f? Si non, pourquoi\u202f?   <\/strong><\/p>\n<p>J\u2019ai toujours des attentes particuli\u00e8res en arrivant \u00e0 des Jeux olympiques. Pour moi, les Jeux sont un peu synonymes de stress\u202f: tous les deux ans, je dois organiser le transport et la logistique de mon voyage dans une nouvelle r\u00e9gion. J\u2019avais de grandes attentes pour la c\u00e9r\u00e9monie d\u2019ouverture, qui ne se sont h\u00e9las pas du tout concr\u00e9tis\u00e9es. Mais j\u2019esp\u00e9rais \u00e9galement beaucoup des sites olympiques parisiens et, pour le coup, je n\u2019ai pas \u00e9t\u00e9 d\u00e9\u00e7u. [\/vc_column_text][vc_empty_space][\/vc_column_inner][\/vc_row_inner][vc_row_inner][vc_column_inner][vc_single_image image=\u00a0\u00bb48578&Prime; img_size=\u00a0\u00bblarge\u00a0\u00bb alignment=\u00a0\u00bbcenter\u00a0\u00bb][vc_empty_space][vc_column_text css=\u00a0\u00bb\u00a0\u00bb]<strong>Pouvez-vous nous guider dans votre processus photographique lors des Jeux olympiques\u202f? Abordez-vous tous les sports avec les m\u00eames objectifs\u202f? Si ce n\u2019est pas le cas, quelles sont les diff\u00e9rences\u202f? (d\u00e9parts, arriv\u00e9es, sites, etc.).    <\/strong><\/p>\n<p>\u00c0 chacun des Jeux que je couvre, mon but est de prendre des images qui vont plus loin que la photo standard. Je veux cr\u00e9er des photos diff\u00e9rentes de celles captur\u00e9es par les autres professionnels. Chaque sport est unique, et j\u2019essaie, autant que possible, d\u2019identifier son caract\u00e8re propre et de le capturer de mani\u00e8re originale. Il peut s\u2019agir de motion\u202fcapture, d\u2019un grand\u202fangle, etc.  <\/p>\n<p>[\/vc_column_text][vc_empty_space][\/vc_column_inner][\/vc_row_inner][vc_row_inner][vc_column_inner][vc_single_image image=\u00a0\u00bb48598&Prime; img_size=\u00a0\u00bblarge\u00a0\u00bb alignment=\u00a0\u00bbcenter\u00a0\u00bb][vc_empty_space][vc_column_text css=\u00a0\u00bb\u00a0\u00bb]<strong>Quels sont vos incontournables en termes d\u2019\u00e9quipement (appareils, objectifs, r\u00e9glages, outils, accessoires, etc.)\u202f? <\/strong><\/p>\n<p>J\u2019ai pass\u00e9 la plupart de mon temps avec un Canon\u202fR1 et mon nouvel objectif RF 100-300\u202fmm. Cette combinaison s\u2019est av\u00e9r\u00e9e extr\u00eamement utile lors de ces Jeux. Je n\u2019ai pas r\u00e9ellement de valeurs de r\u00e9f\u00e9rence pour mes r\u00e9glages\u202f: chaque sport est diff\u00e9rent. [\/vc_column_text][vc_empty_space][\/vc_column_inner][\/vc_row_inner][vc_row_inner][vc_column_inner][vc_single_image image=\u00a0\u00bb48588&Prime; img_size=\u00a0\u00bblarge\u00a0\u00bb alignment=\u00a0\u00bbcenter\u00a0\u00bb][vc_empty_space][vc_column_text css=\u00a0\u00bb\u00a0\u00bb]<strong>Quelle influence les photographes ont-ils aux Jeux olympiques du point de vue des spots de prise de vue, de l\u2019\u00e9clairage, etc.\u202f? <\/strong><\/p>\n<p>Nous n\u2019avons quasiment aucune influence sur quoi que ce soit aux Jeux olympiques. Tout est tr\u00e8s verrouill\u00e9, pour des questions de s\u00e9curit\u00e9, bien s\u00fbr, mais \u00e9galement parce que les \u00e9v\u00e9nements sont pr\u00e9vus pour la t\u00e9l\u00e9vision. Nous ne devons jamais \u00eatre dans le champ. [\/vc_column_text][vc_empty_space][\/vc_column_inner][\/vc_row_inner][vc_row_inner][vc_column_inner][vc_single_image image=\u00a0\u00bb48518&Prime; img_size=\u00a0\u00bblarge\u00a0\u00bb alignment=\u00a0\u00bbcenter\u00a0\u00bb][vc_empty_space][vc_column_text css=\u00a0\u00bb\u00a0\u00bb]<strong>Que recherchez-vous lors des comp\u00e9titions proprement dites\u202f? <\/strong><\/p>\n<p>Je cherche le moment d\u2019action ultime, l\u2019instant o\u00f9 l\u2019athl\u00e8te r\u00e9alise quelque chose d\u2019extraordinaire et se trouve dans la meilleure position possible pour une photo. J\u2019aime aussi int\u00e9grer les anneaux olympiques dans mon image, \u00e0 l\u2019arri\u00e8re-plan, pour raconter l\u2019histoire de la photo. [\/vc_column_text][vc_empty_space][\/vc_column_inner][\/vc_row_inner][vc_row_inner][vc_column_inner][vc_single_image image=\u00a0\u00bb48488&Prime; img_size=\u00a0\u00bblarge\u00a0\u00bb alignment=\u00a0\u00bbcenter\u00a0\u00bb][vc_empty_space][vc_column_text css=\u00a0\u00bb\u00a0\u00bb]<strong>Selon vous, qu\u2019est-ce qui fait une bonne photo\u202f? <\/strong><\/p>\n<p>Beaucoup de choses entrent en jeu pour cr\u00e9er une bonne photo\u202f! Comme je l\u2019ai mentionn\u00e9, la qualit\u00e9 peut venir de l\u2019exploit de l\u2019athl\u00e8te, du lieu o\u00f9 je me trouve pour capturer le moment, de l\u2019objectif install\u00e9 sur mon appareil \u00e0 ce moment-l\u00e0, des r\u00e9glages\u2026 J\u2019essaie de planifier mes images autant que possible, mais la chance reste toujours un facteur tr\u00e8s important. [\/vc_column_text][vc_empty_space][\/vc_column_inner][\/vc_row_inner][vc_row_inner][vc_column_inner][vc_single_image image=\u00a0\u00bb48608&Prime; img_size=\u00a0\u00bblarge\u00a0\u00bb alignment=\u00a0\u00bbcenter\u00a0\u00bb][vc_empty_space][vc_column_text css=\u00a0\u00bb\u00a0\u00bb]<strong>Quels ont \u00e9t\u00e9 les 3 meilleurs et pires moments pour vous lors de ces Jeux olympiques\u202f? <\/strong><\/p>\n<p>Commen\u00e7ons par les pires moments. J\u2019ai trouv\u00e9 les c\u00e9r\u00e9monies d\u2019ouverture et de cl\u00f4ture particuli\u00e8rement rat\u00e9es. Elles \u00e9taient con\u00e7ues pour la t\u00e9l\u00e9vision. Pour un photographe sur place, c\u2019\u00e9tait horrible. Concernant les bons moments, j\u2019ai ador\u00e9 photographier Simone Biles, j\u2019\u00e9tais tr\u00e8s heureux de me trouver tout pr\u00e8s des barri\u00e8res lors des \u00e9preuves d\u2019\u00e9quitation \u00e0 Versailles, et je garde \u00e9galement un souvenir extraordinaire de la m\u00e9daille de bronze obtenue par l\u2019\u00e9quipe am\u00e9ricaine de water-polo (j\u2019ai eu la chance de le vivre avec eux, et m\u00eame de porter la m\u00e9daille\u202f!). [\/vc_column_text][vc_empty_space][\/vc_column_inner][\/vc_row_inner][vc_row_inner][vc_column_inner][vc_single_image image=\u00a0\u00bb48538&Prime; img_size=\u00a0\u00bblarge\u00a0\u00bb alignment=\u00a0\u00bbcenter\u00a0\u00bb][vc_empty_space][vc_column_text css=\u00a0\u00bb\u00a0\u00bb]<strong>Avez-vous \u00e9t\u00e9 surpris par certains aspects des Jeux cette ann\u00e9e\u202f? <\/strong><\/p>\n<p>J\u2019ai \u00e9t\u00e9 surpris par l\u2019aspect physique des Jeux. Pas pour les athl\u00e8tes, \u00e7a c\u2019est normal, mais pour nous, les photographes. Les trajets \u00e0 pied \u00e9taient bien plus longs que d\u2019habitude, et nous avons d\u00fb grimper de nombreux escaliers avec tout notre \u00e9quipement.[\/vc_column_text][vc_empty_space][\/vc_column_inner][\/vc_row_inner][vc_row_inner][vc_column_inner][vc_single_image image=\u00a0\u00bb48508&Prime; img_size=\u00a0\u00bblarge\u00a0\u00bb alignment=\u00a0\u00bbcenter\u00a0\u00bb][vc_empty_space][vc_column_text css=\u00a0\u00bb\u00a0\u00bb]<strong>Y a-t-il un sport que vous pr\u00e9f\u00e9rez photographier\u202f? <\/strong><\/p>\n<p>C\u2019est un plaisir de photographier tous les sports olympiques, mais un des sites avait clairement ma pr\u00e9f\u00e9rence. J\u2019ai ador\u00e9 le terrain de beach-volley, tout pr\u00e8s de la Tour Eiffel. Il \u00e9tait incroyable\u202f!  <\/p>\n<p><strong>Vous avez photographi\u00e9 plusieurs Jeux olympiques. Est-ce que des choses ont chang\u00e9 au fil du temps\u202f? Quelles sont les principales diff\u00e9rences entre les Jeux de cette ann\u00e9e et ceux des ann\u00e9es pr\u00e9c\u00e9dentes\u202f?  <\/strong><\/p>\n<p>Les deadlines ont beaucoup chang\u00e9 au fil des ans. Aujourd\u2019hui, avec les r\u00e9seaux sociaux et la rapidit\u00e9 des connexions Internet, le client veut obtenir les images presque instantan\u00e9ment. [\/vc_column_text][vc_empty_space][\/vc_column_inner][\/vc_row_inner][vc_row_inner][vc_column_inner][vc_single_image image=\u00a0\u00bb48548&Prime; img_size=\u00a0\u00bblarge\u00a0\u00bb alignment=\u00a0\u00bbcenter\u00a0\u00bb][vc_empty_space][vc_column_text css=\u00a0\u00bb\u00a0\u00bb]<strong>Si vous pouviez donner un conseil \u00e0 un photographe qui se lance dans la photographie olympique, quelle serait-il\u202f? <\/strong><\/p>\n<p>D\u2019\u00eatre pr\u00eat \u00e0 tout. Photographier les Jeux olympiques est une exp\u00e9rience dingue\u202f: les heures sont longues et on dort tr\u00e8s peu. Les restrictions sont innombrables\u202f: routes ferm\u00e9es, changements de sites, r\u00e8glements changeants\u2026 Il faut y \u00eatre pr\u00e9par\u00e9.  <\/p>\n<p><strong>Sur votre blog, vous mentionnez que vous n\u2019avez que 15\u202fminutes entre le moment o\u00f9 vous prenez la photo et celui o\u00f9 vous devez la transmettre \u00e0 l\u2019\u00e9quipe. Pouvez-vous d\u00e9tailler ce processus (s\u00e9lection des images, \u00e9dition, etc.)\u202f?  <\/strong><\/p>\n<p>C\u2019est g\u00e9n\u00e9ralement \u00e0 peu pr\u00e8s comme \u00e7a\u202f:<\/p>\n<ul>\n<li>Je cours de l\u2019estrade jusqu\u2019\u00e0 la salle de presse<\/li>\n<li>Je charge les images de ma carte m\u00e9moire vers mon MacBook\u202fPro<\/li>\n<li>Je parcours les images avec Photo\u202fMechanic (et je marque mes pr\u00e9f\u00e9r\u00e9es)<\/li>\n<li>Je retouche (en ajustant l\u2019exposition, en recadrant\u2026) mes images favorites<\/li>\n<li>Je redimensionne les images \u00e0 2000\u202fpixels (c\u2019est le format que l\u2019\u00e9quipe pr\u00e9f\u00e8re)<\/li>\n<li>Je copie ces images sur le gestionnaire de contenus de l\u2019\u00e9quipe<\/li>\n<li>Je supprime tous les doublons et les images floues<\/li>\n<\/ul>\n<p>[\/vc_column_text][vc_empty_space][\/vc_column_inner][\/vc_row_inner][vc_row_inner][vc_column_inner][vc_single_image image=\u00a0\u00bb48558&Prime; img_size=\u00a0\u00bblarge\u00a0\u00bb alignment=\u00a0\u00bbcenter\u00a0\u00bb][vc_empty_space][vc_column_text css=\u00a0\u00bb\u00a0\u00bb]<strong>Avez-vous utilis\u00e9, lors de ces Jeux, de nouveaux appareils, objectifs ou outils que vous aimeriez ajouter \u00e0 votre \u00e9quipement\u202f? <\/strong><\/p>\n<p>Le Canon\u202fR1 et le Canon\u202fR5\u202fMark\u202fII (que j\u2019ai d\u00e9j\u00e0 command\u00e9s). Le nouvel objectif Canon\u202fRF 100-300\u202fmm, que je poss\u00e8de d\u00e9sormais. Le seul autre produit que j\u2019ai utilis\u00e9 et que je ne poss\u00e8de pas est l\u2019objectif Canon\u202fRF 10-20\u202fmm. C\u2019\u00e9tait tr\u00e8s cool. Il m\u2019en faudrait sans doute un\u202f!    <\/p>\n<p><strong>Vous avez parcouru de nombreux kilom\u00e8tres lors de votre s\u00e9jour \u00e0 Paris. \u00c9tiez-vous pr\u00e9par\u00e9 \u00e0 marcher autant\u202f? Qu\u2019est-ce que vous feriez diff\u00e9remment avec les informations que vous avez aujourd\u2019hui\u202f? (\u00e9quipement plus l\u00e9ger, v\u00eatements, etc.)    <\/strong><\/p>\n<p>Je savais que j\u2019allais \u00eatre amen\u00e9 \u00e0 beaucoup marcher, mais je ne m\u2019attendais pas \u00e0 autant d\u2019escaliers\u202f! Je marche g\u00e9n\u00e9ralement entre 10 et 15\u202fkilom\u00e8tres chaque jour lorsque je suis chez moi, donc je suis bien pr\u00e9par\u00e9. [\/vc_column_text][vc_empty_space][\/vc_column_inner][\/vc_row_inner][vc_row_inner][vc_column_inner][vc_single_image image=\u00a0\u00bb48618&Prime; img_size=\u00a0\u00bblarge\u00a0\u00bb alignment=\u00a0\u00bbcenter\u00a0\u00bb][vc_empty_space][vc_column_text css=\u00a0\u00bb\u00a0\u00bb]<strong>Y a-t-il une photo que vous avez prise et qui, selon vous, capture l\u2019esprit des Jeux de cette ann\u00e9e\u202f? Ou une image que vous pr\u00e9f\u00e9rez\u202f?  <\/strong><\/p>\n<p>Sans aucun doute le coucher de soleil pris depuis le site o\u00f9 se d\u00e9roulaient les \u00e9preuves de beach-volley. Cette image montre Paris dans toute sa splendeur. <\/p>\n<p><strong>Est-ce qu\u2019il y a une image que vous avez l\u2019impression d\u2019avoir manqu\u00e9e\u202f? <\/strong><\/p>\n<p>Il y en a trop pour toutes les citer\u202f! Je n\u2019ai pu assister \u00e0 aucun match de l\u2019\u00e9quipe masculine am\u00e9ricaine de basketball (j\u2019avais d\u2019autres engagements). \u00c7a continue de me travailler encore aujourd\u2019hui. <\/p>\n<p>[\/vc_column_text][vc_empty_space][\/vc_column_inner][\/vc_row_inner][vc_row_inner][vc_column_inner][vc_single_image image=\u00a0\u00bb48528&Prime; img_size=\u00a0\u00bblarge\u00a0\u00bb alignment=\u00a0\u00bbcenter\u00a0\u00bb][vc_empty_space][vc_column_text css=\u00a0\u00bb\u00a0\u00bb]<strong>Un dernier commentaire sur votre s\u00e9jour olympique \u00e0 Paris\u202f? <\/strong><\/p>\n<p>Comme tous les Jeux olympiques auxquels j\u2019ai assist\u00e9, c\u2019\u00e9tait \u00e0 la fois \u00e9puisant et g\u00e9nial. Le rythme est fou, mais j\u2019ai toujours du mal \u00e0 r\u00e9aliser ma chance de pouvoir vivre mes 8e Jeux. Je suis reparti avec de tr\u00e8s belles photos, et j\u2019ai eu l\u2019occasion de partager mon exp\u00e9rience\u202f: mon blog a en effet plus de 700\u202f000 lecteurs, et c\u2019\u00e9tait tr\u00e8s agr\u00e9able de leur pr\u00e9senter les coulisses d\u2019un tel \u00e9v\u00e9nement mondial.  <\/p>\n<p>[\/vc_column_text][vc_empty_space][\/vc_column_inner][\/vc_row_inner][vc_row_inner][vc_column_inner][vc_separator][vc_column_text css=\u00a0\u00bb\u00a0\u00bb]<strong>\u00c0 propos de l&rsquo;auteur &#8211; Jeff Cable<\/strong><\/p>\n<table>\n<tbody>\n<tr>\n<td style=\"padding-right: 30px;\">Fine Art Gallery:<\/td>\n<td>https:\/\/fineart.jeffcable.com\/<\/td>\n<\/tr>\n<tr>\n<td style=\"padding-right: 30px;\">Blog :<\/td>\n<td>https:\/\/blog.jeffcable.com\/<\/td>\n<\/tr>\n<tr>\n<td style=\"padding-right: 30px;\">Facebook :<\/td>\n<td>https:\/\/www.facebook.com\/jeffcablephoto<\/td>\n<\/tr>\n<tr>\n<td style=\"padding-right: 30px;\">Instagram :<\/td>\n<td>https:\/\/www.instagram.com\/jeffcablephotography\/<\/td>\n<\/tr>\n<tr>\n<td style=\"padding-right: 30px;\">Regardez mes vid\u00e9os sur :<\/td>\n<td>https:\/\/www.youtube.com\/c\/jeffcable<\/td>\n<\/tr>\n<tr>\n<td style=\"padding-right: 30px;\">Jetez un coup d&rsquo;\u0153il \u00e0 mon mat\u00e9riel de pr\u00e9dilection \u00e0 l&rsquo;adresse suivante :<\/td>\n<td>https:\/\/www.jeffcable.com\/mygear<\/td>\n<\/tr>\n<tr>\n<td style=\"padding-right: 30px;\">Jetez un coup d&rsquo;\u0153il \u00e0 mes visites photographiques \u00e0 l&rsquo;adresse suivante :<\/td>\n<td>https:\/\/www.jeffcable.com\/phototours<\/td>\n<\/tr>\n<\/tbody>\n<\/table>\n<p>[\/vc_column_text][\/vc_column_inner][\/vc_row_inner][\/vc_column][\/vc_row]<\/p>\n<\/div>","protected":false},"excerpt":{"rendered":"<p>[vc_row][vc_column][vc_column_text css=\u00a0\u00bb\u00a0\u00bb]Photographe professionnel et contributeur Friend with Vision Datacolor, Jeff Cable travaille r\u00e9guli\u00e8rement sur ses projets personnels et pour des clients commerciaux. Il organise \u00e9galement des exp\u00e9ditions photographiques aux \u00c9tats-Unis et dans le monde entier. Mais il est surtout connu pour les photos qu\u2019il prend pour le Comit\u00e9 olympique am\u00e9ricain. Il a ainsi couvert les &hellip;<\/p>\n","protected":false},"author":2,"featured_media":48631,"comment_status":"closed","ping_status":"closed","sticky":false,"template":"","format":"standard","meta":{"_acf_changed":false,"footnotes":""},"categories":[284],"tags":[],"class_list":["post-48642","post","type-post","status-publish","format-standard","has-post-thumbnail","hentry","category-blog-fr"],"acf":[],"_links":{"self":[{"href":"https:\/\/www.datacolor.com\/spyder\/fr\/wp-json\/wp\/v2\/posts\/48642","targetHints":{"allow":["GET"]}}],"collection":[{"href":"https:\/\/www.datacolor.com\/spyder\/fr\/wp-json\/wp\/v2\/posts"}],"about":[{"href":"https:\/\/www.datacolor.com\/spyder\/fr\/wp-json\/wp\/v2\/types\/post"}],"author":[{"embeddable":true,"href":"https:\/\/www.datacolor.com\/spyder\/fr\/wp-json\/wp\/v2\/users\/2"}],"replies":[{"embeddable":true,"href":"https:\/\/www.datacolor.com\/spyder\/fr\/wp-json\/wp\/v2\/comments?post=48642"}],"version-history":[{"count":0,"href":"https:\/\/www.datacolor.com\/spyder\/fr\/wp-json\/wp\/v2\/posts\/48642\/revisions"}],"wp:featuredmedia":[{"embeddable":true,"href":"https:\/\/www.datacolor.com\/spyder\/fr\/wp-json\/wp\/v2\/media\/48631"}],"wp:attachment":[{"href":"https:\/\/www.datacolor.com\/spyder\/fr\/wp-json\/wp\/v2\/media?parent=48642"}],"wp:term":[{"taxonomy":"category","embeddable":true,"href":"https:\/\/www.datacolor.com\/spyder\/fr\/wp-json\/wp\/v2\/categories?post=48642"},{"taxonomy":"post_tag","embeddable":true,"href":"https:\/\/www.datacolor.com\/spyder\/fr\/wp-json\/wp\/v2\/tags?post=48642"}],"curies":[{"name":"wp","href":"https:\/\/api.w.org\/{rel}","templated":true}]}}